{"id":1080,"date":"2018-07-23T16:47:27","date_gmt":"2018-07-23T14:47:27","guid":{"rendered":"https:\/\/www.dasharfenduo.de\/wordpress\/?p=1080"},"modified":"2019-09-14T10:58:28","modified_gmt":"2019-09-14T08:58:28","slug":"suite-bergamasque-live","status":"publish","type":"post","link":"https:\/\/www.dasharfenduo.de\/wordpress\/harfenduo\/unsere-veroeffentlichungen\/suite-bergamasque-live\/","title":{"rendered":"Suite bergamasque live"},"content":{"rendered":"<p>Nachdem wir schon viele Versionen der Suite bergamasque hier vorgestellt haben (<a href=\"https:\/\/www.dasharfenduo.de\/wordpress\/harfenduo\/die-suite-bergamasque-mehr-als-nur-clair-de-lune\/\">von Claudio Arrau bis zu den Punch Brothers<\/a>), haben wir nun endlich eine Live-Version von uns als Harfenduo. Auch <em>Clair de lune<\/em> ist nat\u00fcrlich dabei!<br \/>\nAufgenommen haben wir bei unserem Konzert im sch\u00f6nen <a href=\"https:\/\/www.herbstlese.de\/de\/veranstaltungen\/haus-dacheroeden\/\">Haus Dacher\u00f6den<\/a> in Erfurt. Ein Dank geht hier an den Verein <a href=\"https:\/\/www.herbstlese.de\/de\/\">Erfurter Herbstlese e.V.<\/a>, der seit 2017 den Kulturbetrieb im Haus Dacher\u00f6den weiterf\u00fchrt.<br \/>\nViel Spa\u00df beim H\u00f6ren!<\/p>\n<h4>Laura &amp; Daniel<\/h4>\n","protected":false},"excerpt":{"rendered":"<p>Nachdem wir schon viele Versionen der Suite bergamasque hier vorgestellt haben (von Claudio Arrau bis zu den Punch Brothers), haben wir nun endlich eine Live-Version von uns als Harfenduo. Auch Clair de lune ist nat\u00fcrlich dabei! Aufgenommen haben wir bei unserem Konzert im sch\u00f6nen Haus Dacher\u00f6den in Erfurt. Ein Dank<span class=\"excerpt-hellip\"> [\u2026]<\/span><\/p>\n","protected":false},"author":2,"featured_media":1082,"comment_status":"open","ping_status":"open","sticky":false,"template":"","format":"standard","meta":{"fifu_image_url":"","fifu_image_alt":"","footnotes":""},"categories":[62],"tags":[182,118,237,240,238,135,239,193,192,194,120],"class_list":["post-1080","post","type-post","status-publish","format-standard","has-post-thumbnail","hentry","category-unsere-veroeffentlichungen","tag-clair-de-lune","tag-claude-debussy","tag-erfurt","tag-erfurter-herbstlese-e-v","tag-haus-dacheroeden","tag-konzert","tag-live","tag-menuet","tag-passepied","tag-prelude","tag-suite-bergamasque"],"_links":{"self":[{"href":"https:\/\/www.dasharfenduo.de\/wordpress\/wp-json\/wp\/v2\/posts\/1080","targetHints":{"allow":["GET"]}}],"collection":[{"href":"https:\/\/www.dasharfenduo.de\/wordpress\/wp-json\/wp\/v2\/posts"}],"about":[{"href":"https:\/\/www.dasharfenduo.de\/wordpress\/wp-json\/wp\/v2\/types\/post"}],"author":[{"embeddable":true,"href":"https:\/\/www.dasharfenduo.de\/wordpress\/wp-json\/wp\/v2\/users\/2"}],"replies":[{"embeddable":true,"href":"https:\/\/www.dasharfenduo.de\/wordpress\/wp-json\/wp\/v2\/comments?post=1080"}],"version-history":[{"count":6,"href":"https:\/\/www.dasharfenduo.de\/wordpress\/wp-json\/wp\/v2\/posts\/1080\/revisions"}],"predecessor-version":[{"id":1088,"href":"https:\/\/www.dasharfenduo.de\/wordpress\/wp-json\/wp\/v2\/posts\/1080\/revisions\/1088"}],"wp:featuredmedia":[{"embeddable":true,"href":"https:\/\/www.dasharfenduo.de\/wordpress\/wp-json\/wp\/v2\/media\/1082"}],"wp:attachment":[{"href":"https:\/\/www.dasharfenduo.de\/wordpress\/wp-json\/wp\/v2\/media?parent=1080"}],"wp:term":[{"taxonomy":"category","embeddable":true,"href":"https:\/\/www.dasharfenduo.de\/wordpress\/wp-json\/wp\/v2\/categories?post=1080"},{"taxonomy":"post_tag","embeddable":true,"href":"https:\/\/www.dasharfenduo.de\/wordpress\/wp-json\/wp\/v2\/tags?post=1080"}],"curies":[{"name":"wp","href":"https:\/\/api.w.org\/{rel}","templated":true}]}}