{"id":1313,"date":"2018-10-01T13:18:51","date_gmt":"2018-10-01T11:18:51","guid":{"rendered":"https:\/\/www.dasharfenduo.de\/wordpress\/?p=1313"},"modified":"2019-09-14T10:46:24","modified_gmt":"2019-09-14T08:46:24","slug":"revisionsantrag-von-siegfried-mauser-abgelehnt","status":"publish","type":"post","link":"https:\/\/www.dasharfenduo.de\/wordpress\/musik-und-gesellschaft\/metoo\/revisionsantrag-von-siegfried-mauser-abgelehnt\/","title":{"rendered":"Revisionsantrag von Siegfried Mauser abgelehnt"},"content":{"rendered":"<p>Nun ist es also offiziell: Laut Bericht der <a href=\"https:\/\/www.sueddeutsche.de\/muenchen\/entscheidung-mauser-scheitert-mit-revision-1.4139574\" target=\"_blank\" rel=\"noopener noreferrer\">S\u00fcddeutschen Zeitung<\/a> wurde Siegfried Mausers Revisionsantrag abgelehnt. Zur Erinnerung: <em>Mauser war zu neun Monaten Haft auf Bew\u00e4hrung und in einem weiteren Verfahren im Mai, bei dem die Revision noch aussteht, wegen sexueller N\u00f6tigung zu zwei Jahren und neun Monaten Haft verurteilt worden<\/em>*. Die Staatsanwaltschaft hatte ebenfalls Revision beantragt, da sie der Meinung war, das Urteil sei zu milde ausgefallen. Es ist also m\u00f6glich, dass es zu einer weiteren Verhandlung kommt, in der der Fall noch einmal aufgerollt wird. Wir wollen uns nicht in juristische Feinheiten verstricken (rechtskr\u00e4ftig, Haftantritt etc.), aber die Wahrscheinlichkeit, dass Siegfried Mauser als unschuldiger Mann aus dieser Sache herauskommen wird, ist damit auf nahezu null gesunken.<\/p>\n<p><!--more--><\/p>\n<p>* <em>Pr\u00e4zisierung: Die S\u00fcddeutsche Zeitung hatte irrt\u00fcmlich berichtet, die Ablehnung des Revisionsantrags beziehe sich auf das Urteil vom Mai 2018. Die SZ hat dies mittlerweile richtiggestellt.<\/em><\/p>\n<p>&nbsp;<\/p>\n<h3>Was bedeutet das f\u00fcr die Musiker und die Musikwelt?<\/h3>\n<p>Siegfried Mausers Ehefrau, die S\u00e4ngerin und Schauspielerin Am\u00e9lie Sandmann, ist weiterhin von der Unschuld ihres Mannes \u00fcberzeugt. Dies macht sie auf <a href=\"https:\/\/www.amelie-sandmann.de\/\" target=\"_blank\" rel=\"noopener noreferrer\">ihrer Homepage<\/a> deutlich. \u00dcber harmlose und liebevolle Loyalit\u00e4tsbekundungen geht das allerdings weit hinaus. Hier zeigen wir exemplarisch zwei Zitate aus ihrem G\u00e4stebuch:<\/p>\n<div class=\"blockquote\"><span class=\"mfn-blockquote-icon\"><i class=\"icon-quote\" aria-hidden=\"true\"><\/i><\/span><blockquote class=\"mfn-inline-editor\">All denjenigen, die diesem liebevollen, nachdenklichen, hochsensiblen und -intelligenten Musiker und Menschen Sigi Mauser dieses \u00dcbel angetan haben, ist nur noch von Herzen alles Schlechte zu w\u00fcnschen. M\u00f6gen sie sich weiterhin in ihren Intrigen und ihrer Verlogenheit sonnen, das Karma wird sie eines Tages alle aufsuchen&#8230;<\/blockquote><\/div>\n\n<div class=\"blockquote\"><span class=\"mfn-blockquote-icon\"><i class=\"icon-quote\" aria-hidden=\"true\"><\/i><\/span><blockquote class=\"mfn-inline-editor\">Es ist f\u00fcr mich undenkbar, dass Sigi Gewalt gegen\u00fcber Frauen anwendet; alles eine perfide Manipulation; ich hoffe sehr, dass die Revision den verdienten Freispruch bringt; Clown Eggert,manipulator maximus wird sein Schlechtestes geben, um m\u00f6glichst vielen Leuten m\u00f6glichst viel zu schaden; doch sollte er bedenken, dass die ersten 10000 Jahre in der H\u00f6lle recht lang werden k\u00f6nnen Licht und Liebe allen Verwickelten<\/blockquote><\/div>\n\n<p>&nbsp;<\/p>\n<p>Wir m\u00f6chten denjenigen, die dort geschrieben haben, eigentlich keine weitere Plattform bieten, doch haben wir diese Kommentare herausgegriffen, um etwas zu deutlich zu machen: Fast alle Eintr\u00e4ge wurden unter Klarnamen verfasst und ver\u00f6ffentlicht. Wir haben diese Namen hier nicht dazugeschrieben, weil wir nat\u00fcrlich nicht zu 100 % sagen k\u00f6nnen, dass sie tats\u00e4chlich von diesen Personen stammen, auch wenn wir davon ausgehen. Wer wissen m\u00f6chte, wer dahinter steckt, braucht blo\u00df Frau Sandmanns Seite zu besuchen. Teilweise haben die Kommentatoren auch ihre (K\u00fcnstler-)Homepage mit angegeben, vielleicht um zu untermauern, dass ihre Stimme auf Grund ihrer musikalischen Verdienste besonders gewichtig ist. Sie wollen klar machen: Wir sind diejenigen, die in der Hierarchie ganz oben stehen; Siegfried Mauser ist einer von uns. Sie wollen diejenigen sein, die mit ihren Worten und Taten die Zukunft der klassischen Musik bestimmen werden. Wer f\u00fcr diese These noch weitere Belege braucht, dem sei Alexander Strauchs <a href=\"https:\/\/blogs.nmz.de\/badblog\/2018\/09\/26\/mauser-in-kuratorien-bei-mozartfest-wuerzburg-ard-wettbewerb-strauss-gesellschaft-reger-institut-henze-stiftung-das-verbindet\/\" target=\"_blank\" rel=\"noopener noreferrer\">Beitrag im Bad Blog of Musick<\/a> nahegelegt.<\/p>\n<p>Auf der Seite der Opfer von sexuellem Machtmissbrauch dagegen sieht es ganz anders aus: Erfahrungsberichte von Betroffenen gibt es viele, der Mut, diese Berichte zu ver\u00f6ffentlichen, ist sehr gering. \u201eMein Agent hat mir davon abgeraten, meinen Namen zu nennen\u201c, berichtete etwa eine Betroffene. Selbst eine anonyme Ver\u00f6ffentlichung kommt f\u00fcr viele nicht in Frage. Zu gro\u00df ist die Angst vor beruflichen oder pers\u00f6nlichen Nachteilen, falls sich der Bericht doch irgendwie zuordnen l\u00e4sst; eine Sorge, die die Gegenseite \u2013 siehe oben \u2013 offenbar nicht teilt. Die Betroffenen haben etwas gemeinsam: Sie geh\u00f6ren gr\u00f6\u00dftenteils nicht zur \u201eOberschicht\u201c der Musikszene. Sie sind Lehrbeauftragte, Musikschullehrer oder Mucker. Nicht wenige haben auch mittlerweile den Beruf gewechselt, weil sie das Erlebte nicht anders verarbeiten konnten. In so einer Position ist es schwierig, seinen Namen zu nennen oder eine unpopul\u00e4re Meinung zu haben.<\/p>\n<h3>Aber es w\u00e4re so wichtig, nicht weiter zu schweigen.<\/h3>\n<p>Denn wollen wir wirklich eine Klassische-Musik-Szene, in der es in Ordnung und vielleicht sogar karrieref\u00f6rdernd ist, wenn man bedingungslos mit seinem Namen zu einem verurteilten Sexualstraft\u00e4ter, der bislang weder Einsicht noch Reue gezeigt hat, steht? In der man \u00f6ffentlich das gesamte Justizwesen als korrupt und verlogen darstellen kann, weil einem ein einzelnes Urteil nicht passt? In der es dagegen scharf verurteilt wird, wenn man \u2013 sogar anonym! \u2013 seine Stimme gegen Ungerechtigkeit und (sexuellen) Machtmissbrauch erhebt? Um das zu \u00e4ndern gibt es nur einen Weg: Positioniert Euch und macht den \u201eStars\u201c der Szene klar, dass sie mit ihrer Meinung alleine dastehen! Die Chance dazu w\u00e4hrt nicht ewig: War der Meldung \u00fcber Mausers Verurteilung auf der Startseite von SZ-Online noch ein gro\u00dfer Artikel gewidmet, so war die Meldung \u00fcber die Ablehnung des Revisionsantrag nur noch eine Randnotiz. Die Aufmerksamkeit schwindet, wenn wir nicht alle dabei mithelfen, dass das Unrecht und die Gewalt, die viel zu vielen angetan wurde und wird, nicht vergessen werden.<\/p>\n<p><strong>Wir bitten Euch: Nutzt das <a href=\"https:\/\/www.dasharfenduo.de\/wordpress\/kontaktformularmetoo\/\" target=\"_blank\" rel=\"noopener noreferrer\">anonyme Kontaktformular<\/a> auf unserer Seite. Ruft uns an, wenn Euch das zu kompliziert oder unsicher scheint. Kontaktiert Moritz Eggert oder die SPIEGEL-Journalisten. Schreibt einen Kommentar auf unserem Blog oder Moritz Eggerts <a href=\"https:\/\/blogs.nmz.de\/badblog\/\" target=\"_blank\" rel=\"noopener noreferrer\">Bad Blog of Musick<\/a>. Teilt Beitr\u00e4ge zu dem Thema bei Facebook oder lasst ein Like da, wenn ihr meint, dass das, was wir schreiben, richtig und wichtig ist. Setzt ein Zeichen, auch wenn es klein ist. Es w\u00fcrde uns und allen, die sich in der Sache engagieren, wahnsinnig helfen und uns alle best\u00e4rken. Vielen Dank!<\/strong><\/p>\n<h3>Laura &amp; Daniel<\/h3>\n","protected":false},"excerpt":{"rendered":"<p>Nun ist es also offiziell: Laut Bericht der S\u00fcddeutschen Zeitung wurde Siegfried Mausers Revisionsantrag abgelehnt. Zur Erinnerung: Mauser war zu neun Monaten Haft auf Bew\u00e4hrung und in einem weiteren Verfahren im Mai, bei dem die Revision noch aussteht, wegen sexueller N\u00f6tigung zu zwei Jahren und neun Monaten Haft verurteilt worden*.<span class=\"excerpt-hellip\"> [\u2026]<\/span><\/p>\n","protected":false},"author":2,"featured_media":1284,"comment_status":"open","ping_status":"open","sticky":false,"template":"","format":"standard","meta":{"fifu_image_url":"","fifu_image_alt":"","footnotes":""},"categories":[417],"tags":[212,233,306,284,230,307,202,201,297,204,200],"class_list":["post-1313","post","type-post","status-publish","format-standard","has-post-thumbnail","hentry","category-metoo","tag-metoo","tag-musikhochschule","tag-alexander-strauch","tag-amelie-sandmann","tag-aufruf","tag-bad-blog-of-musick","tag-moritz-eggert","tag-musikhochschule-muenchen","tag-revision","tag-sexueller-missbrauch","tag-siegfried-mauser"],"_links":{"self":[{"href":"https:\/\/www.dasharfenduo.de\/wordpress\/wp-json\/wp\/v2\/posts\/1313","targetHints":{"allow":["GET"]}}],"collection":[{"href":"https:\/\/www.dasharfenduo.de\/wordpress\/wp-json\/wp\/v2\/posts"}],"about":[{"href":"https:\/\/www.dasharfenduo.de\/wordpress\/wp-json\/wp\/v2\/types\/post"}],"author":[{"embeddable":true,"href":"https:\/\/www.dasharfenduo.de\/wordpress\/wp-json\/wp\/v2\/users\/2"}],"replies":[{"embeddable":true,"href":"https:\/\/www.dasharfenduo.de\/wordpress\/wp-json\/wp\/v2\/comments?post=1313"}],"version-history":[{"count":17,"href":"https:\/\/www.dasharfenduo.de\/wordpress\/wp-json\/wp\/v2\/posts\/1313\/revisions"}],"predecessor-version":[{"id":2071,"href":"https:\/\/www.dasharfenduo.de\/wordpress\/wp-json\/wp\/v2\/posts\/1313\/revisions\/2071"}],"wp:featuredmedia":[{"embeddable":true,"href":"https:\/\/www.dasharfenduo.de\/wordpress\/wp-json\/wp\/v2\/media\/1284"}],"wp:attachment":[{"href":"https:\/\/www.dasharfenduo.de\/wordpress\/wp-json\/wp\/v2\/media?parent=1313"}],"wp:term":[{"taxonomy":"category","embeddable":true,"href":"https:\/\/www.dasharfenduo.de\/wordpress\/wp-json\/wp\/v2\/categories?post=1313"},{"taxonomy":"post_tag","embeddable":true,"href":"https:\/\/www.dasharfenduo.de\/wordpress\/wp-json\/wp\/v2\/tags?post=1313"}],"curies":[{"name":"wp","href":"https:\/\/api.w.org\/{rel}","templated":true}]}}