{"id":1586,"date":"2018-12-15T19:45:05","date_gmt":"2018-12-15T18:45:05","guid":{"rendered":"https:\/\/www.dasharfenduo.de\/wordpress\/?p=1586"},"modified":"2019-09-14T10:43:18","modified_gmt":"2019-09-14T08:43:18","slug":"metoo-entwicklung-der-letzten-wochen","status":"publish","type":"post","link":"https:\/\/www.dasharfenduo.de\/wordpress\/musik-und-gesellschaft\/metoo\/metoo-entwicklung-der-letzten-wochen\/","title":{"rendered":"#metoo-Entwicklung der letzten Wochen"},"content":{"rendered":"\n<p>Es hat sich viel getan in den letzten Wochen. Dass Siegfried Mausers Revisionsantrag abgelehnt und das Urteil zu neun Monaten auf Bew\u00e4hrung nun rechtskr\u00e4ftig ist, hatten wir bereits berichtet. Wer dachte, die Geschichte sei damit erledigt, sieht sich get\u00e4uscht: Intensiv bem\u00fcht sich das pers\u00f6nliche Umfeld Mausers nach wie vor, alle Anschuldigungen als Intrige darzustellen, um seinen Ruf zu retten.<\/p>\n\n\n\n<!--more-->\n\n\n\n<h3 class=\"wp-block-heading\">Die verungl\u00fcckte ARD-Doku<br><\/h3>\n\n\n\n<p>Doch der Reihe nach: Im September erfolgte die Ablehnung des Revisionsantrags. Kurze Zeit sp\u00e4ter strahlte die ARD die unserer Meinung nach etwas verungl\u00fcckte Dokumentation \u201e<a rel=\"noreferrer noopener\" aria-label=\"Doch der Reihe nach: Im September erfolgte die Ablehnung des Revisionsantrags. Kurze Zeit sp\u00e4ter strahlte die ARD die Dokumentation \u201eDie Hand am Po\u201c aus, in der es unter anderem um den Fall Mauser ging. Neben Christine Schornsheim und Maria Collien kam darin auch Siegfried Mauser pers\u00f6nlich zu Wort.\n (opens in a new tab)\" href=\"https:\/\/www.daserste.de\/information\/reportage-dokumentation\/dokus\/videos\/die-hand-am-po-video-102.html\" target=\"_blank\">Die Hand am Po<\/a>\u201c aus, in der es unter anderem um den Fall Mauser ging. Neben den beiden Nebenkl\u00e4gerinnen Christine Schornsheim und Maria Collien kam darin auch Siegfried Mauser pers\u00f6nlich zu Wort. <a rel=\"noreferrer noopener\" aria-label=\"Doch der Reihe nach: Im September erfolgte die Ablehnung des Revisionsantrags. Kurze Zeit sp\u00e4ter strahlte die ARD die Dokumentation \u201eDie Hand am Po\u201c aus, in der es unter anderem um den Fall Mauser ging. Neben Christine Schornsheim und Maria Collien kam darin auch Siegfried Mauser pers\u00f6nlich zu Wort. In der ZEIT wurde die Doku besprochen und kritisiert, dort hei\u00dft es unter anderem: \u201eIm Film nun sieht man ihn [Siegfried Mauser] Klavier spielen \u2013 und reden, Stellung beziehen in eigener Sache. Haben seine Anw\u00e4lte das vor dem M\u00fcnchner Landgericht nicht hinl\u00e4nglich getan, fragt man sich, ist das Ergebnis nicht gut bekannt?\u201c (opens in a new tab)\" href=\"https:\/\/www.zeit.de\/2018\/44\/hand-am-po-ard-film-metoo-journalisten-fall-siegfried-mauser\" target=\"_blank\">In der ZEIT wurde die Doku besprochen und kritisiert<\/a>, dort hei\u00dft es unter anderem: \u201eIm Film nun sieht man ihn [Siegfried Mauser] Klavier spielen \u2013 und reden, Stellung beziehen in eigener Sache. Haben seine Anw\u00e4lte das vor dem M\u00fcnchner Landgericht nicht hinl\u00e4nglich getan, fragt man sich, ist das Ergebnis nicht gut bekannt?\u201c<br>Um es hier noch einmal ganz deutlich zu sagen: Das Urteil gegen Siegfried Mauser ist rechtskr\u00e4ftig, seine Schuld wurde im juristischen Sinne zweifelsfrei festgestellt. Alle Behauptungen von ihm und seinem Umfeld, die Frauen h\u00e4tten gelogen, wurden widerlegt. <a rel=\"noreferrer noopener\" aria-label=\"Um es hier noch einmal ganz deutlich zu sagen: Das Urteil gegen Siegfried Mauser ist rechtskr\u00e4ftig, seine Schuld wurde im juristischen Sinne zweifelsfrei festgestellt. Alle Behauptungen von ihm und seinem Umfeld, die Frauen h\u00e4tten gelogen, wurden widerlegt. In unserem Interview mit den beiden SPIEGEL-Journalisten Jan-Phillip M\u00f6ller und Martin Knobbe fragten wir sie auch nach dieser angeblichen Verschw\u00f6rung. Ihre Antwort: \u201eWir haben in unserer intensiven Recherche, auch mit der Hilfe von Experten, abgewogen, welche Motive uns wahrscheinlich erscheinen. Rache erschien uns als Erkl\u00e4rung f\u00fcr die Aussagen der Gesch\u00e4digten wenig nachvollziehbar.\u201c \n (opens in a new tab)\" href=\"https:\/\/www.dasharfenduo.de\/wordpress\/politisch-philosophisches\/es-sind-sicher-keine-einzelfaelle-interview-mit-den-spiegel-journalisten\/\" target=\"_blank\">In unserem Interview mit den beiden SPIEGEL-Journalisten<\/a> Jan-Phillip M\u00f6ller und Martin Knobbe fragten wir sie auch nach dieser angeblichen Verschw\u00f6rung. Ihre Antwort: \u201eWir haben in unserer intensiven Recherche, auch mit der Hilfe von Experten, abgewogen, welche Motive uns wahrscheinlich erscheinen. Rache erschien uns als Erkl\u00e4rung f\u00fcr die Aussagen der Gesch\u00e4digten wenig nachvollziehbar.\u201c<\/p>\n\n\n\n<h3 class=\"wp-block-heading\">Absage f\u00fcr Mauser in der Uni Heidelberg<br><\/h3>\n\n\n\n<p>In der Doku ensteht bisweilen der Eindruck, es g\u00e4be noch Zweifel, ob Siegfried Mauser wirklich ein Sexualstraft\u00e4ter ist. Doch diese Zweifel gibt es nicht mehr, auch wenn einige besonders Starrsinnige dies nicht einsehen wollen. So hatte der Germanist Dieter Borchmeyer Mauser zu einem Gespr\u00e4chskonzert am 5. Dezember in die Gro\u00dfe Aula der Uni Heidelberg eingeladen. Die Uni wehrte sich erfolgreich dagegen und die Veranstaltung wurde abgesagt. F\u00fcr Borchmeyer ist das v\u00f6llig unverst\u00e4ndlich, die Absage erfolgte auf \u201eDruck einer Minderheit, die wegen eines Gerichtsurteils glaubt, den Mann nun ganz vernichten zu m\u00fcssen\u201c, wird er in der <a rel=\"noreferrer noopener\" aria-label=\"In der Doku ensteht bisweilen der Eindruck, es g\u00e4be noch Zweifel, ob Siegfried Mauser wirklich ein Sexualstraft\u00e4ter ist. Doch diese Zweifel gibt es nicht mehr, auch wenn einige besonders starrsinnige dies nicht einsehen wollen. So hatte der Germanist Dieter Borchmeyer Mauser zu einem Gespr\u00e4chskonzert am 5. Dezember in die Gro\u00dfe Aula der Uni Heidelberg einladen. Die Uni wehrte sich erfolgreich dagegen und die Veranstaltung wurde abgesagt. F\u00fcr Borchmeyer v\u00f6llig unverst\u00e4ndlich, die Absage erfolgte auf \u201eDruck einer Minderheit, die wegen eines Gerichtsurteils glaubt, den Mann nun ganz vernichten zu m\u00fcssen\u201c, wird er in der Rhein-Neckar-Zeitung vom 16. November zitiert.\n (opens in a new tab)\" href=\"https:\/\/www.facebook.com\/photo.php?fbid=10213087545689368&amp;set=a.1225181955761&amp;type=3&amp;theater\" target=\"_blank\">Rhein-Neckar-Zeitung vom 16. November<\/a> zitiert. Und schlie\u00dflich <a rel=\"noreferrer noopener\" aria-label=\"In der Doku ensteht bisweilen der Eindruck, es g\u00e4be noch Zweifel, ob Siegfried Mauser wirklich ein Sexualstraft\u00e4ter ist. Doch diese Zweifel gibt es nicht mehr, auch wenn einige besonders starrsinnige dies nicht einsehen wollen. So hatte der Germanist Dieter Borchmeyer Mauser zu einem Gespr\u00e4chskonzert am 5. Dezember in die Gro\u00dfe Aula der Uni Heidelberg einladen. Die Uni wehrte sich erfolgreich dagegen und die Veranstaltung wurde abgesagt. F\u00fcr Borchmeyer v\u00f6llig unverst\u00e4ndlich, die Absage erfolgte auf \u201eDruck einer Minderheit, die wegen eines Gerichtsurteils glaubt, den Mann nun ganz vernichten zu m\u00fcssen\u201c, wird er in der Rhein-Neckar-Zeitung vom 16. November zitiert. Und schlie\u00dflich \u00e4u\u00dferte sich auch Nike Wagner in der gleichen Zeitung zum Fall: Es handele sich um eine b\u00f6swillige Intrige, angezettelt im Inneren der M\u00fcnchner Musikhochschule. Und weiter: \u201eFrauen, die einen Job wollen, sind auch nicht immer nur Engel.\u201c\n (opens in a new tab)\" href=\"https:\/\/www.facebook.com\/photo.php?fbid=10216635772474090&amp;set=a.1838711774893&amp;type=3&amp;theater\" target=\"_blank\">\u00e4u\u00dferte sich auch Nike Wagner in der gleichen Zeitung<\/a> zum Fall: Es handele sich um eine b\u00f6swillige Intrige, angezettelt im Inneren der M\u00fcnchner Musikhochschule. Und weiter: \u201eFrauen, die einen Job wollen, sind auch nicht immer nur Engel.\u201c<\/p>\n\n\n\n<h3 class=\"wp-block-heading\">Die Heidelberger Studierenden reagieren<br><\/h3>\n\n\n\n<p>Die Studierenden lie\u00dfen sich das nicht gefallen. <a href=\"https:\/\/www.facebook.com\/permalink.php?story_fbid=733426857014087&amp;id=252007578489353\">Auf Facebook \u00e4u\u00dferte sich der Studierendenrat der Universit\u00e4t Heidelberg<\/a>. Er wies den Vorwurf, eine kontroverse Debatte zu vermeiden, scharf zur\u00fcck: \u201eWas soll auf dieser debattiert werden? Die Rechtm\u00e4\u00dfigkeit zweier Gerichtsurteile gegen\u00fcber Mauser? Ja, wir sollten als Gesellschaft Straft\u00e4ter*innen nicht bedingungslos und auf ewig verdammen. Genauso wenig sollten wir so tun als w\u00e4re nichts geschehen. Das sind wir den Gesch\u00e4digten schuldig.\u201c Au\u00dferdem wies er darauf hin, dass eine Resozialisierung, wie man sie auch in solchen F\u00e4llen anstreben sollte, nur bei Einsicht und Verb\u00fc\u00dfung der juristischen Strafe erfolgen kann. Beides sei im Fall Mauser noch nicht geschehen.<br>Und auch der amtierende Pr\u00e4sident der M\u00fcnchner Musikhochschule, Bernd Redmann, wollte die Vorw\u00fcrfe Wagners nicht so stehen lassen. <a rel=\"noreferrer noopener\" aria-label=\"Und auch der amtierende Pr\u00e4sident der M\u00fcnchner Musikhochschule, Bernd Reedmann, wollte die Vorw\u00fcrfer Wagners nicht so stehen lassen. In einem offenen Brief stellte er klar, dass\n (opens in a new tab)\" href=\"http:\/\/website.musikhochschule-muenchen.de\/de\/index.php?option=com_content&amp;task=view&amp;id=14926&amp;Itemid=1&amp;fbclid=IwAR0Q4djHM2noIrL51LwJ3iyruEKEzDs7XtQjjZbHcQNqIw8Ift9k6GhTLto\" target=\"_blank\">In einem offenen Brief<\/a> stellt er klar, dass sexuelle \u00dcbergriffe und Machtmissbrauch nicht durch musikalische Verdienste gerechtfertigt werden k\u00f6nnen. Au\u00dferdem ermutigt er Betroffene, \u00fcber ihre Erlebnisse zu sprechen, um \u201etradierte Narrative zu durchbrechen.\u201c<\/p>\n\n\n\n<h3 class=\"wp-block-heading\">Weiter zur Tagesordnung: Das geht nicht mehr!<br><\/h3>\n\n\n\n<p>Nat\u00fcrlich sind die \u00c4u\u00dferungen Wagners und Borchmeyers zu kritisieren, keine Frage. Sie haben aber auch ein Positives: Es wird immer schwieriger, keine Position in der #metoo-Debatte zu beziehen. Viele haben bisher abgewartet und gehofft, dass sich die Aufregung irgendwann von alleine legt und man wieder zur Tagesordnung \u00fcbergehen kann. Doch die zitierten Aussagen machen es durch ihre Unversch\u00e4mtheit fast unm\u00f6glich, keine Partei zu ergreifen.<br> Die M\u00fcnchner Musikhochschule hielt sich beispielsweise lange bedeckt im Fall Mauser, der Brief Redmanns ist da schon ein bemerkenswerter Schritt, der aus unserer Sicht \u00fcberf\u00e4llig war und den wir absolut begr\u00fc\u00dfen. Die Stimme der Musiker und vor allem der Musikstudierenden selbst ist dagegen nach wie vor kaum zu vernehmen. Einen Aufschrei der Emp\u00f6rung wie in Heidelberg h\u00e4tte es an einer Musikhochschule wahrscheinlich nicht gegeben. Bestes Beispiel M\u00fcnchen: Obwohl der ehemelige Pr\u00e4sident nun ein verurteilter Sexualstraft\u00e4ter ist und zwischenzeitlich den Wunsch ge\u00e4u\u00dfert hatte, wieder in M\u00fcnchen unterrichten zu wollen, hat es bisher keine Aktion oder auch nur Stellungnahme der Musikstudierenden gegeben.<br>Aus pers\u00f6nlichen Gespr\u00e4chen mit Studierenden wissen wir, dass der Unmut \u00fcber die Vorg\u00e4nge durchaus vorhanden ist. Gleichwohl ist da aber auch die Angst, sich \u00f6ffentlich zu \u00e4u\u00dfern. Bei all den Gegenma\u00dfnahmen, die von den Musikhochschulen eingeleitet wurden, muss man also wohl trotzdem die Bilanz ziehen: Das Klima hat sich noch nicht ausreichend ge\u00e4ndert.<br>Wir w\u00fcrden uns w\u00fcnschen, dass in Zukunft nicht mehr die uns\u00e4glichen \u201eFrauen sind t\u00fcckische Tellerminen\u201c oder \u201eFrauen sind auch nicht immer nur Engel\u201c-Zitate die Schlagzeilen bestimmen. Wie w\u00e4re es stattdessen mit Solidarit\u00e4tsbekundungen mit den Betroffenen oder Kampagnen gegen Missbrauch? Daf\u00fcr werden wir uns weiter engagieren.<\/p>\n\n\n\n<h3 class=\"wp-block-heading\">Laura &amp; Daniel<br><\/h3>\n","protected":false},"excerpt":{"rendered":"<p>Es hat sich viel getan in den letzten Wochen. Dass Siegfried Mausers Revisionsantrag abgelehnt und das Urteil zu neun Monaten auf Bew\u00e4hrung nun rechtskr\u00e4ftig ist, hatten wir bereits berichtet. Wer dachte, die Geschichte sei damit erledigt, sieht sich get\u00e4uscht: Intensiv bem\u00fcht sich das pers\u00f6nliche Umfeld Mausers nach wie vor, alle<span class=\"excerpt-hellip\"> [\u2026]<\/span><\/p>\n","protected":false},"author":2,"featured_media":1284,"comment_status":"open","ping_status":"open","sticky":false,"template":"","format":"standard","meta":{"fifu_image_url":"","fifu_image_alt":"","footnotes":""},"categories":[417],"tags":[212,336,340,207,339,201,338,204,200,337],"class_list":["post-1586","post","type-post","status-publish","format-standard","has-post-thumbnail","hentry","category-metoo","tag-metoo","tag-ard","tag-bernd-redmann","tag-der-spiegel","tag-dieter-borchmeyer","tag-musikhochschule-muenchen","tag-nike-wagner","tag-sexueller-missbrauch","tag-siegfried-mauser","tag-uni-heidelberg"],"_links":{"self":[{"href":"https:\/\/www.dasharfenduo.de\/wordpress\/wp-json\/wp\/v2\/posts\/1586","targetHints":{"allow":["GET"]}}],"collection":[{"href":"https:\/\/www.dasharfenduo.de\/wordpress\/wp-json\/wp\/v2\/posts"}],"about":[{"href":"https:\/\/www.dasharfenduo.de\/wordpress\/wp-json\/wp\/v2\/types\/post"}],"author":[{"embeddable":true,"href":"https:\/\/www.dasharfenduo.de\/wordpress\/wp-json\/wp\/v2\/users\/2"}],"replies":[{"embeddable":true,"href":"https:\/\/www.dasharfenduo.de\/wordpress\/wp-json\/wp\/v2\/comments?post=1586"}],"version-history":[{"count":10,"href":"https:\/\/www.dasharfenduo.de\/wordpress\/wp-json\/wp\/v2\/posts\/1586\/revisions"}],"predecessor-version":[{"id":1607,"href":"https:\/\/www.dasharfenduo.de\/wordpress\/wp-json\/wp\/v2\/posts\/1586\/revisions\/1607"}],"wp:featuredmedia":[{"embeddable":true,"href":"https:\/\/www.dasharfenduo.de\/wordpress\/wp-json\/wp\/v2\/media\/1284"}],"wp:attachment":[{"href":"https:\/\/www.dasharfenduo.de\/wordpress\/wp-json\/wp\/v2\/media?parent=1586"}],"wp:term":[{"taxonomy":"category","embeddable":true,"href":"https:\/\/www.dasharfenduo.de\/wordpress\/wp-json\/wp\/v2\/categories?post=1586"},{"taxonomy":"post_tag","embeddable":true,"href":"https:\/\/www.dasharfenduo.de\/wordpress\/wp-json\/wp\/v2\/tags?post=1586"}],"curies":[{"name":"wp","href":"https:\/\/api.w.org\/{rel}","templated":true}]}}