{"id":1741,"date":"2019-04-10T10:22:44","date_gmt":"2019-04-10T08:22:44","guid":{"rendered":"https:\/\/www.dasharfenduo.de\/wordpress\/?p=1741"},"modified":"2019-09-14T10:38:57","modified_gmt":"2019-09-14T08:38:57","slug":"der-vorverkauf-ist-eroeffnet","status":"publish","type":"post","link":"https:\/\/www.dasharfenduo.de\/wordpress\/harfenduo\/unsere-konzerte\/der-vorverkauf-ist-eroeffnet\/","title":{"rendered":"Der Vorverkauf ist er\u00f6ffnet!"},"content":{"rendered":"\n<p>Der Vorverkauf f\u00fcr unsere Konzerte ist er\u00f6ffnet! Ab sofort sind die Karten in unserem Eventim-Light-Shop, auf <a rel=\"noreferrer noopener\" href=\"http:\/\/www.eventim.de\" target=\"_blank\">www.eventim.de<\/a> und an den Eventim-Vorverkaufsstellen erh\u00e4ltlich. Zus\u00e4tzlich erhaltet Ihr wie gewohnt f\u00fcr die Konzerte in Th\u00fcringen Karten \u00fcber den <a rel=\"noreferrer noopener\" aria-label=\"Ticketshop Th\u00fcringen (\u00f6ffnet in neuem Tab)\" href=\"https:\/\/www.ticketshop-thueringen.de\/\" target=\"_blank\">Ticketshop Th\u00fcringen<\/a>. Bis die Karten analog an den Verkaufsstellen erh\u00e4ltlich sind, kann es allerdings noch ein paar Tage dauern. Online sollte eine Bestellung \u00fcber Eventim aber schon m\u00f6glich sein.<\/p>\n\n\n\n<!--more-->\n\n\n\n<p>Hier ist ein \u00dcberblick \u00fcber unsere Preise. Die Vorverkaufsgeb\u00fchren sind allerdings ohne Gew\u00e4hr, da Eventims neue Preispolitik etwas kompliziert ist:<\/p>\n\n\n\n<table>\n  <tr>\n    <th><\/th>\n    <th>Grundpreis<br>(Abendkasse)<\/th>\n    <th>Eventim*<\/th>\n    <th>Eventim-Light**<\/th>\n    <th>TST<\/th>\n  <\/tr>\n  <tr>\n    <td>Normalpreis<\/td>\n    <td>15 \u20ac<\/td>\n    <td>18,02 \u20ac<\/td>\n    <td>16,52 \u20ac<\/td>\n    <td>17,30 \u20ac<\/td>\n  <\/tr>\n  <tr>\n    <td>erm\u00e4\u00dfigt<\/td>\n    <td>12 \u20ac<\/td>\n    <td>14,61 \u20ac<\/td>\n    <td>13,41 \u20ac<\/td>\n    <td>14 \u20ac<\/td>\n  <\/tr>\n<\/table>\n<i>* Auf eventim.de und an Vorverkaufsstellen. Bei Buchungen \u00fcber das Eventim-Netzwerk fallen eventuell noch Buchungsgeb\u00fchren und Versandkosten an.<br>\n** Der Eventim-Light-Shop ist \u00fcber den Button \u201eTickets kaufen\u201c auf unserer Homepage oder \u00fcber die Buttons \u201eKarten in unserem Eventim-Light-Shop bestellen\u201c bei den einzelnen Konzerten erreichbar.<br><\/i><br>\n\n\n\n<p>Bei manchen Konzerten haben wir mit R\u00fccksicht auf die orts\u00fcblichen Preise den Eintritt angepasst. Schaut einfach unter <a rel=\"noreferrer noopener\" href=\"https:\/\/www.dasharfenduo.de\/wordpress\/konzerte\/\" target=\"_blank\">Konzerte<\/a> nach, f\u00fcr welche Veranstaltungen dies gilt. Manche Konzerte finden auch auf Spendenbasis statt. Wir w\u00fcrden uns freuen, wenn Ihr Euch bei den  Spenden an unseren normalen Eintrittspreisen orientiert. Bedenkt: Wenn  ihr nur ein bisschen Kleingeld gebt, machen wir am Ende des Tages  Verlust. Die Veranstaltungsorte, wo Ihr sehr wenig Eintritt bezahlt, arbeiten mit Subventionen. Bei unseren selbst veranstalteten Konzerten haben wir diese M\u00f6glichkeit leider nicht.<\/p>\n\n\n\n<p>Wir freuen uns auf viele verkaufte Tickets und w\u00fcnschen Euch (und uns nat\u00fcrlich auch!) sch\u00f6ne Konzerte!<\/p>\n\n\n\n<h3 class=\"wp-block-heading\">Laura &amp; Daniel<\/h3>\n","protected":false},"excerpt":{"rendered":"<p>Der Vorverkauf f\u00fcr unsere Konzerte ist er\u00f6ffnet! Ab sofort sind die Karten in unserem Eventim-Light-Shop, auf www.eventim.de und an den Eventim-Vorverkaufsstellen erh\u00e4ltlich. Zus\u00e4tzlich erhaltet Ihr wie gewohnt f\u00fcr die Konzerte in Th\u00fcringen Karten \u00fcber den Ticketshop Th\u00fcringen. Bis die Karten analog an den Verkaufsstellen erh\u00e4ltlich sind, kann es allerdings noch<span class=\"excerpt-hellip\"> [\u2026]<\/span><\/p>\n","protected":false},"author":2,"featured_media":802,"comment_status":"open","ping_status":"open","sticky":false,"template":"","format":"standard","meta":{"fifu_image_url":"","fifu_image_alt":"","footnotes":""},"categories":[59],"tags":[140,143,139],"class_list":["post-1741","post","type-post","status-publish","format-standard","has-post-thumbnail","hentry","category-unsere-konzerte","tag-eventim","tag-ticketshop-thueringen","tag-vorverkauf"],"_links":{"self":[{"href":"https:\/\/www.dasharfenduo.de\/wordpress\/wp-json\/wp\/v2\/posts\/1741","targetHints":{"allow":["GET"]}}],"collection":[{"href":"https:\/\/www.dasharfenduo.de\/wordpress\/wp-json\/wp\/v2\/posts"}],"about":[{"href":"https:\/\/www.dasharfenduo.de\/wordpress\/wp-json\/wp\/v2\/types\/post"}],"author":[{"embeddable":true,"href":"https:\/\/www.dasharfenduo.de\/wordpress\/wp-json\/wp\/v2\/users\/2"}],"replies":[{"embeddable":true,"href":"https:\/\/www.dasharfenduo.de\/wordpress\/wp-json\/wp\/v2\/comments?post=1741"}],"version-history":[{"count":13,"href":"https:\/\/www.dasharfenduo.de\/wordpress\/wp-json\/wp\/v2\/posts\/1741\/revisions"}],"predecessor-version":[{"id":1812,"href":"https:\/\/www.dasharfenduo.de\/wordpress\/wp-json\/wp\/v2\/posts\/1741\/revisions\/1812"}],"wp:featuredmedia":[{"embeddable":true,"href":"https:\/\/www.dasharfenduo.de\/wordpress\/wp-json\/wp\/v2\/media\/802"}],"wp:attachment":[{"href":"https:\/\/www.dasharfenduo.de\/wordpress\/wp-json\/wp\/v2\/media?parent=1741"}],"wp:term":[{"taxonomy":"category","embeddable":true,"href":"https:\/\/www.dasharfenduo.de\/wordpress\/wp-json\/wp\/v2\/categories?post=1741"},{"taxonomy":"post_tag","embeddable":true,"href":"https:\/\/www.dasharfenduo.de\/wordpress\/wp-json\/wp\/v2\/tags?post=1741"}],"curies":[{"name":"wp","href":"https:\/\/api.w.org\/{rel}","templated":true}]}}