{"id":2266,"date":"2019-11-08T09:42:51","date_gmt":"2019-11-08T08:42:51","guid":{"rendered":"https:\/\/www.dasharfenduo.de\/wordpress\/?p=2266"},"modified":"2019-11-08T09:42:52","modified_gmt":"2019-11-08T08:42:52","slug":"tournee-abschluss-in-krefeld","status":"publish","type":"post","link":"https:\/\/www.dasharfenduo.de\/wordpress\/harfenduo\/unsere-konzerte\/tournee-abschluss-in-krefeld\/","title":{"rendered":"Tournee-Abschluss in Krefeld"},"content":{"rendered":"\n<p>Heute abend findet das letzte Konzert unser diesj\u00e4hrigen Tournee \u201e\u00c1ngel y Diablo \u2013 Tango auf zwei Harfen\u201c statt. Wir sind zu Gast im Seidencarr\u00e9 in Krefeld; Beginn ist 19:30 Uhr, der Eintritt ist frei.<\/p>\n\n\n\n<!--more-->\n\n\n\n<p>Doch es wird nicht das letzte Mal sein, dass Ihr unser Tango-Programm h\u00f6ren k\u00f6nnt: Wegen der gro\u00dfen Nachfrage und dem \u00e4u\u00dferst positiven Feedback haben wir uns entschlossen, unsere Tournee bis ins n\u00e4chste Jahr zu verl\u00e4ngern!<\/p>\n\n\n\n<p>Dann wird auch hoffentlich endlich unsere CD fertig sein, die wir schon im Juni aufgenommen haben und die sich momentan im letzten Produktionsschritt im Presswerk befindet. Tja, diese CD&#8230; Eigentlich hatten wir geplant, die CD ab August bei unseren Konzerten verkaufen zu k\u00f6nnen. Leider waren an der Produktion viele verschiede Personen beteiligt, die \u2013 sagen wir es mal so \u2013 unterschiedliche Priorit\u00e4ten in Bezug auf dieses Ver\u00f6ffentlichungsdatum hatten. Auch wenn wir uns nur bei allen entschuldigen k\u00f6nnen, die unsere CD vorbestellt haben, k\u00f6nnen wir Euch versichern: An uns hat es nicht gelegen&#8230;<\/p>\n\n\n\n<p>Trotz des CD-Fiaskos blicken wir auf ein erfolgreiches Jahr voller Highlights zur\u00fcck. Wir hatten viele sch\u00f6ne und gut besuchte Konzerte, unser Programm ist trotz mancher schr\u00e4ger Kl\u00e4nge sehr gut angekommen und unsere etwas k\u00fcnstlerischere Moderation hat nicht nur in unseren Augen das Programm belebt und abgerundet. Ein ganz besonderes Erlebnis war f\u00fcr uns der Auftritt in der Milonga in der Berliner Buchkantine. Menschen zu unserer Musik live tanzen zu sehen, war eine v\u00f6llig neue Erfahrung, die uns sofort gro\u00dfen Spa\u00df gemacht hat.<\/p>\n\n\n\n<p>Wer dieses Tango-Programm noch einmal erleben m\u00f6chte, kann also heute Abend nach Krefeld kommen \u2013 oder bis zum n\u00e4chsten Jahr warten! Wir werden 2020 beispielsweise wieder das traditionelle Konzert an der Wurzelkrippe in Troisdorf im Programm haben, au\u00dferdem bem\u00fchen wir uns um Konzerte in K\u00f6ln, Berlin und nat\u00fcrlich Weimar. Einen \u00dcberblick \u00fcber die bereits feststehenden Termine werden wir in K\u00fcrze ver\u00f6ffentlichen.<\/p>\n\n\n\n<p>Bis dahin w\u00fcnschen wir Euch noch eine sch\u00f6ne Zeit, bedanken uns bei allen, die uns auch in diesem Jahr wieder unterst\u00fctzt haben und hoffen, Euch im n\u00e4chsten Jahr wieder im Konzert zu sehen!<\/p>\n\n\n\n<h3 class=\"wp-block-heading\">Laura &amp; Daniel<\/h3>\n","protected":false},"excerpt":{"rendered":"<p>Heute abend findet das letzte Konzert unser diesj\u00e4hrigen Tournee \u201e\u00c1ngel y Diablo \u2013 Tango auf zwei Harfen\u201c statt. Wir sind zu Gast im Seidencarr\u00e9 in Krefeld; Beginn ist 19:30 Uhr, der Eintritt ist frei.<\/p>\n","protected":false},"author":2,"featured_media":1623,"comment_status":"open","ping_status":"open","sticky":false,"template":"","format":"standard","meta":{"fifu_image_url":"","fifu_image_alt":"","footnotes":""},"categories":[59],"tags":[341,389,436,437],"class_list":["post-2266","post","type-post","status-publish","format-standard","has-post-thumbnail","hentry","category-unsere-konzerte","tag-angel-y-diablo","tag-cd","tag-krefeld","tag-seidencarre"],"_links":{"self":[{"href":"https:\/\/www.dasharfenduo.de\/wordpress\/wp-json\/wp\/v2\/posts\/2266","targetHints":{"allow":["GET"]}}],"collection":[{"href":"https:\/\/www.dasharfenduo.de\/wordpress\/wp-json\/wp\/v2\/posts"}],"about":[{"href":"https:\/\/www.dasharfenduo.de\/wordpress\/wp-json\/wp\/v2\/types\/post"}],"author":[{"embeddable":true,"href":"https:\/\/www.dasharfenduo.de\/wordpress\/wp-json\/wp\/v2\/users\/2"}],"replies":[{"embeddable":true,"href":"https:\/\/www.dasharfenduo.de\/wordpress\/wp-json\/wp\/v2\/comments?post=2266"}],"version-history":[{"count":7,"href":"https:\/\/www.dasharfenduo.de\/wordpress\/wp-json\/wp\/v2\/posts\/2266\/revisions"}],"predecessor-version":[{"id":2273,"href":"https:\/\/www.dasharfenduo.de\/wordpress\/wp-json\/wp\/v2\/posts\/2266\/revisions\/2273"}],"wp:featuredmedia":[{"embeddable":true,"href":"https:\/\/www.dasharfenduo.de\/wordpress\/wp-json\/wp\/v2\/media\/1623"}],"wp:attachment":[{"href":"https:\/\/www.dasharfenduo.de\/wordpress\/wp-json\/wp\/v2\/media?parent=2266"}],"wp:term":[{"taxonomy":"category","embeddable":true,"href":"https:\/\/www.dasharfenduo.de\/wordpress\/wp-json\/wp\/v2\/categories?post=2266"},{"taxonomy":"post_tag","embeddable":true,"href":"https:\/\/www.dasharfenduo.de\/wordpress\/wp-json\/wp\/v2\/tags?post=2266"}],"curies":[{"name":"wp","href":"https:\/\/api.w.org\/{rel}","templated":true}]}}