{"id":2338,"date":"2019-11-23T22:42:07","date_gmt":"2019-11-23T21:42:07","guid":{"rendered":"https:\/\/www.dasharfenduo.de\/wordpress\/?p=2338"},"modified":"2020-09-15T10:14:59","modified_gmt":"2020-09-15T08:14:59","slug":"ein-netter-aelterer-herr","status":"publish","type":"post","link":"https:\/\/www.dasharfenduo.de\/wordpress\/musik-und-gesellschaft\/metoo\/ein-netter-aelterer-herr\/","title":{"rendered":"Ein netter \u00e4lterer Herr"},"content":{"rendered":"\n<p>Eigentlich sollte an dieser Stelle ein Artikel \u00fcber eine mutige und starke Frau stehen. Vor ein paar Wochen haben wir Maria Collien in Berlin getroffen. Ausf\u00fchrlich berichtete sie uns \u00fcber ihre Eindr\u00fccke aus den Mauser-Prozessen, schilderte uns die Begegnungen mit ihm und seine \u00dcbergriffe und erz\u00e4hlte aus ihrem bewegten Leben. Die Perspektive der Betroffenen \u2013 die wollten wir von Anfang an auf diesem Blog in den Fokus r\u00fccken.<\/p>\n\n\n\n<!--more-->\n\n\n\n<p>Doch\nnun kommt es leider anders. Denn obwohl Mauser und seine Anw\u00e4lte mit ihrer\nRevision vor dem Bundesgerichtshof gescheitert sind, obwohl seine Taten laut\nGericht zweifelsfrei bewiesen sind, obwohl die beiden Urteile wegen sexueller\nN\u00f6tigung rechtskr\u00e4ftig sind und obwohl die daraus resultierende Haftstrafe nicht\nmehr ausgesetzt werden kann, steht nun auch noch die M\u00f6glichkeit einer\nVerfassungsklage gegen das Urteil im Raum. Das bedeutet zwar nicht, dass die\nOpfer sich nicht \u00f6ffentlich \u00e4u\u00dfern d\u00fcrfen oder er in irgendeiner Form als\nunschuldig gilt \u2013 die Verfassungsklage hat keine aufschiebende Wirkung \u2013, aber\nes ist davon auszugehen, dass jede \u00c4u\u00dferung der Betroffenen innerhalb und\nau\u00dferhalb eines Gerichts von Mausers Anw\u00e4lten auseinandergenommen und auf\nUnstimmigkeiten gepr\u00fcft w\u00fcrde. Da wir auch nur Menschen sind, k\u00f6nnen wir aber\nnicht garantieren, dass ein Artikel auf diesem Blog in jedem Satz und jeder\nFormulierung h\u00f6chsten juristischen Anspr\u00fcchen gen\u00fcgt. Im schlimmsten Fall\nk\u00f6nnte unser Artikel also den Betroffenen noch schaden.<\/p>\n\n\n\n<p>Aber\nwir m\u00f6chten die Darstellung der Ereignisse des Herrn Mauser auch nicht einfach\nso unkommentiert stehen lassen. Wir werden diesen Artikel daher dazu nutzen,\ndas positive Bild von ihm, welches in manchen Kreisen nach wie vor hochgehalten\nwird, gr\u00fcndlich zu durchleuchten. Wir tun dies nicht, um ihn als Person zu\ndemontieren, sondern um den Betroffenen die Chance zu geben, sich mit ihrer\nDarstellung der Ereignisse auch in der \u00d6ffentlichkeit durchzusetzen.<\/p>\n\n\n\n<h3 class=\"wp-block-heading\">Gro\u00dfer\nMensch und Gro\u00dfer K\u00fcnstler<\/h3>\n\n\n\n<div class=\"wp-block-image\"><figure class=\"alignright size-large is-resized\"><img loading=\"lazy\" decoding=\"async\" src=\"https:\/\/www.dasharfenduo.de\/wordpress\/wp-content\/uploads\/2020\/02\/avatar-1577909_1280-1024x1024.png\" alt=\"\" class=\"wp-image-2551\" width=\"203\" height=\"203\" srcset=\"https:\/\/www.dasharfenduo.de\/wordpress\/wp-content\/uploads\/2020\/02\/avatar-1577909_1280-1024x1024.png 1024w, https:\/\/www.dasharfenduo.de\/wordpress\/wp-content\/uploads\/2020\/02\/avatar-1577909_1280-300x300.png 300w, https:\/\/www.dasharfenduo.de\/wordpress\/wp-content\/uploads\/2020\/02\/avatar-1577909_1280-150x150.png 150w, https:\/\/www.dasharfenduo.de\/wordpress\/wp-content\/uploads\/2020\/02\/avatar-1577909_1280-768x768.png 768w, https:\/\/www.dasharfenduo.de\/wordpress\/wp-content\/uploads\/2020\/02\/avatar-1577909_1280-600x600.png 600w, https:\/\/www.dasharfenduo.de\/wordpress\/wp-content\/uploads\/2020\/02\/avatar-1577909_1280-146x146.png 146w, https:\/\/www.dasharfenduo.de\/wordpress\/wp-content\/uploads\/2020\/02\/avatar-1577909_1280-50x50.png 50w, https:\/\/www.dasharfenduo.de\/wordpress\/wp-content\/uploads\/2020\/02\/avatar-1577909_1280-75x75.png 75w, https:\/\/www.dasharfenduo.de\/wordpress\/wp-content\/uploads\/2020\/02\/avatar-1577909_1280-85x85.png 85w, https:\/\/www.dasharfenduo.de\/wordpress\/wp-content\/uploads\/2020\/02\/avatar-1577909_1280-80x80.png 80w, https:\/\/www.dasharfenduo.de\/wordpress\/wp-content\/uploads\/2020\/02\/avatar-1577909_1280-45x45.png 45w, https:\/\/www.dasharfenduo.de\/wordpress\/wp-content\/uploads\/2020\/02\/avatar-1577909_1280.png 1280w\" sizes=\"auto, (max-width:767px) 203px, 203px\" \/><figcaption> Das Bild von Siegfried Mauser wurde leider aufgrund einer mutma\u00dflichen Urheberrechtsverletzung auf Wikipedia <a rel=\"noreferrer noopener\" href=\"https:\/\/commons.wikimedia.org\/wiki\/File:Siegfried_Mauser_in_2014.jpg\" target=\"_blank\">gel\u00f6scht<\/a>. <\/figcaption><\/figure><\/div>\n\n\n\n<p>Mauser war und ist unbestritten ein gro\u00dfer K\u00fcnstler. Und bevor die ersten Vorw\u00fcrfe gegen ihn laut wurden, galt er auch als gro\u00dfer Mensch. So stellte nicht nur er selbst sich dar; unz\u00e4hlige StudentInnen, Sch\u00fclerInnen, Weggef\u00e4hrtInnen und nicht zuletzt die ganzen anderen Gr\u00f6\u00dfen der Musik- und Intellektuellen-Szene lie\u00dfen nichts auf ihren \u201eSigi\u201c kommen. Mauser gilt als einer der am besten vernetzten klassischen Musiker; zu seinen Freunden z\u00e4hlen Personen wie Hans Magnus Enzensberger oder Nike Wagner. In der Bayerischen Akademie der Sch\u00f6nen K\u00fcnste (BADSK) ging er ein und aus. Vor diesem Hintergrund ist es nicht verwunderlich, dass ein Sturm der Entr\u00fcstung losbrach, als ihm vorgeworfen wurde, er habe mehrere Frauen sexuell bedr\u00e4ngt. Entr\u00fcstung dar\u00fcber, wie diese Frauen es wagen konnten, ihn zu beschuldigen, wohlgemerkt! Dass Mauser gewaltt\u00e4tig gegen\u00fcber Frauen geworden sein sollte, konnte sich niemand, der ihn kannte, vorstellen. Zu diesem Zeitpunkt gingen die wenigsten davon aus, dass die F\u00e4lle \u00fcberhaupt vor Gericht landen, geschweige denn, dass Mauser verurteilt werden w\u00fcrde.<\/p>\n\n\n\n<p>Es\ngab aber auch Leute, die Mausers Version der Geschichte nicht einfach so\nschlucken wollten. Dazu geh\u00f6rte unter anderem der M\u00fcnchner Komponist und\nHochschulprofessor Moritz Eggert. Er sprach als Mitglied der Akademie der\nSch\u00f6nen K\u00fcnste sowohl dort das Thema an, als auch innerhalb der Hochschule.\nDaf\u00fcr schlugen ihm Unverst\u00e4ndnis und sogar Hass entgegen; in der Hochschule\nwurde ihm mit K\u00fcndigung gedroht. Die \u00f6ffentliche Meinung schien zu dem\nZeitpunkt klar pro Mauser zu sein. Vielleicht auch deshalb z\u00f6gerte die\nMusikhochschule M\u00fcnchen lange, sich von ihrem ehemaligen Pr\u00e4sidenten zu\ndistanzieren.<\/p>\n\n\n\n<h3 class=\"wp-block-heading\">T\u00fcckische\nTellerminen<\/h3>\n\n\n\n<div class=\"wp-block-image\"><figure class=\"alignleft size-large is-resized\"><img loading=\"lazy\" decoding=\"async\" src=\"https:\/\/upload.wikimedia.org\/wikipedia\/commons\/4\/4c\/Hans_Magnus_Enzensberger_T%C3%BCbingen_November_2013.JPG\" alt=\"\" width=\"238\" height=\"283\"\/><figcaption>Hans Magnus Enzensberger schrieb 2016 einen Leserbrief zum Fall Mauser, in dem er Frauen mit \u201et\u00fcckischen Tellerminen\u201c verglich.<\/figcaption><\/figure><\/div>\n\n\n\n<p>Im Mai 2016 verurteilte das Amtsgericht M\u00fcnchen Mauser im Schornsheim-Prozess zu einer Bew\u00e4hrungsstrafe. Das veranlasste manche seiner Freunde zu einer <a href=\"https:\/\/www.sueddeutsche.de\/muenchen\/nach-dem-urteil-gegen-ex-rektor-der-musikhochschule-muenchens-kulturwelt-ist-entsetzt-1.3009189\" target=\"_blank\" rel=\"noreferrer noopener\" aria-label=\" (\u00f6ffnet in neuem Tab)\">denkw\u00fcrdigen Leserbrief-Aktion<\/a> in der S\u00fcddeutschen Zeitung: \u201eDass eine Kollegin von Siegfried Mauser, die all die Zeit seither keinen Mucks gegen\u00fcber dem Verurteilten hat verlauten lassen, nach sechs Jahren die Zeit f\u00fcr gekommen h\u00e4lt, Anzeige zu erstatten, l\u00e4sst auf einen Racheakt schlie\u00dfen oder auf ein Komplott\u201c, schrieb \u201eMichael Kr\u00fcger, Pr\u00e4sident der Bayerischen Akademie der Sch\u00f6nen K\u00fcnste, M\u00fcnchen\u201c. Laut Hans Magnus Enzensberger glichen \u201eDamen, deren Avancen zur\u00fcckgewiesen werden, [&#8230;] t\u00fcckischen Tellerminen.\u201c \u201eMan kann nur hoffen, dass in n\u00e4chster Instanz das Urteil des Amtsgerichts M\u00fcnchen aufgehoben und die Ehre Siegfried Mausers wiederhergestellt wird\u201c, schrieb \u201eProf. Dr. Dr. h.c. Dieter Borchmeyer, Altpr\u00e4sident der Bayerischen Akademie der Sch\u00f6nen K\u00fcnste, M\u00fcnchen\u201c. Und er f\u00fcgte hinzu: \u201eGewiss, l\u00e4ge wirklich ein kriminelles Fehlverhalten vor, wie es ihm das Amtsgericht M\u00fcnchen zur Last legt, w\u00fcrde das auch durch seine bedeutende Lebensleistung schwerlich aufgewogen.\u201c<\/p>\n\n\n\n<h3 class=\"wp-block-heading\">Siegfried\nMauser \u2013 Opfer eines Justizskandals?<\/h3>\n\n\n\n<p>Diese drastischen Reaktionen stellten vor allem die Glaubw\u00fcrdigkeit der Zeuginnen und Nebenkl\u00e4gerinnen in Frage. Genau darauf zielten Mausers Anw\u00e4lte in ihrer Verteidigung ab, auch nach dem ersten Urteil. Immer wieder war aus Mausers Umfeld zu h\u00f6ren und zu lesen, das Gericht habe ein Fehlurteil gef\u00e4llt. Mauser sei kein Gewaltt\u00e4ter und selbstverst\u00e4ndlich unschuldig. Das Gericht habe keine oder zu wenig Zeugen der Verteidigung zugelassen. Die Personen, die gegen Mauser aussagten, seien allesamt unglaubw\u00fcrdig und permanent selbst knapp an einer Falschaussage vorbeigeschrammt. Wer sich gegen Mauser stellte, wurde \u00f6ffentlich blo\u00dfgestellt oder gleich wegen Verleumdung verklagt. Das Urteil sei ja noch nicht rechtskr\u00e4ftig, daher d\u00fcrfe Mauser auch nicht als Sexualstraft\u00e4ter bezeichnet werden.<\/p>\n\n\n\n<!-- iframe plugin v.6.0 wordpress.org\/plugins\/iframe\/ -->\n<iframe loading=\"lazy\" src=\"https:\/\/www.ardmediathek.de\/embed\/Y3JpZDovL3dkci5kZS9CZWl0cmFnLWYwNGEzZWIwLWYxMmItNDQyMi1hMDU1LTViYjkwMzQzMzgwMQ\" width=\"100%\" height=\"500\" scrolling=\"yes\" class=\"iframe-class\" frameborder=\"0\"><\/iframe>\n\n\n\n\n<p>Die Dokumentation \u201eDie Hand am Po\u201c in der ARD-Mediathek<\/p>\n\n\n\n<p>Auch Mauser selbst stellte sich in Zeitungsinterviews und in der ARD-Dokumentation \u201e<a href=\"https:\/\/www.ardmediathek.de\/wdr\/player\/Y3JpZDovL3dkci5kZS9CZWl0cmFnLWYwNGEzZWIwLWYxMmItNDQyMi1hMDU1LTViYjkwMzQzMzgwMQ\/\" target=\"_blank\" rel=\"noreferrer noopener\" aria-label=\" (\u00f6ffnet in neuem Tab)\">Die Hand am Po<\/a>\u201c als Opfer dar. Nicht nur w\u00fcrden die Frauen allesamt die Unwahrheit sagen, es gehe ihm auch selbst sehr schlecht. Er k\u00f6nne seinen Alltag nur mit Medikamenten \u00fcberstehen, die Anwaltskosten und Gagenausf\u00e4lle h\u00e4tten sein Privatverm\u00f6gen gr\u00f6\u00dftenteils aufgefressen; er sei finanziell ruiniert. Mehrfach bedankte er sich bei allen Freunden und seiner Familie, die in diesen schweren Zeiten zu ihm halten w\u00fcrden. Er widersprach der Darstellung der Frauen, der Sex mit ihm sei nicht einvernehmlich gewesen. Er gab zwar zu, mit sehr vielen Frauen intime Beziehungen gehabt zu haben, erkl\u00e4rte dies aber damit, dass er eben ein Freigeist und leidenschaftlicher Mann sei. In seiner Version der Vorf\u00e4lle bedr\u00e4ngten Frauen ihn, weil sie um jeden Preis eine Stelle haben wollten; Schmerzensschreie wurden bei ihm zu Lustschreien. Man konnte richtig Mitleid mit diesem netten, \u00e4lteren Herren bekommen, der bestimmt keiner Fliege etwas zu Leide tun konnte.<\/p>\n\n\n\n<div class=\"wp-block-image\"><figure class=\"alignright size-large is-resized\"><img loading=\"lazy\" decoding=\"async\" src=\"https:\/\/upload.wikimedia.org\/wikipedia\/commons\/5\/5f\/Dieter_Borchmeyer_2017.jpg\" alt=\"\" width=\"216\" height=\"324\"\/><figcaption>Der fr\u00fchere Pr\u00e4sident der BADSK Dieter Borchmeyer geh\u00f6rt zu den Herausgebern einer Festschrift zu Mausers 65. Geburtstag<\/figcaption><\/figure><\/div>\n\n\n\n<h3 class=\"wp-block-heading\">Aussage\ngegen Aussage = keine Beweise?<\/h3>\n\n\n\n<p>In allen vier Mauser-Prozessen \u2013 in zwei weiteren wurde er freigesprochen \u2013 stand Aussage gegen Aussage. Die Gerichte hatten die schwierige Aufgabe, zu beurteilen, welche Seite glaubw\u00fcrdiger erschien. Dabei kamen sie zu dem Urteil, dass die betroffenen Frauen pr\u00e4zise und nachvollziehbare Aussagen gemacht hatten. Zumindest beim Collien- und beim Schornsheim-Prozess sahen sie ein strafbares Verhalten. Auf Mausers Seite war man sich nach jedem Prozess sicher, dass das Urteil in der n\u00e4chsten Instanz anders ausfallen w\u00fcrde. Denn \u2013 so die Argumentation der Anw\u00e4lte \u2013 es g\u00e4be ja \u00fcberhaupt keine Beweise gegen ihren Mandanten! Der Schornsheim-Prozess ging bis vors Landgericht, der Collien-Prozess sogar bis zum Bundesgerichtshof. Doch es n\u00fctzte nichts: Beide Urteile wurden best\u00e4tigt und sind damit rechtskr\u00e4ftig. Die Haftstrafe summiert sich auf \u00fcber drei Jahre; ab zwei Jahren kann eine Haftstrafe nicht mehr zur Bew\u00e4hrung ausgesetzt werden.<\/p>\n\n\n\n<p>Wer gedacht hatte, dass mit dem Urteil des BGH nun alles vorbei sei, sah sich get\u00e4uscht. Mausers Freunde mobilisierten noch einmal alle Kr\u00e4fte, um den Ruf des armen Mannes zu retten. \u201eEs geht ihm sehr schlecht\u201c, lie\u00df sich Mausers Anwalt in der <a href=\"https:\/\/www.tz.de\/muenchen\/stadt\/muenchen-ort29098\/muenchen-ex-praesident-musikhochschule-muenchen-siegfried-mauser-muss-ins-gefaengnis-13101039.html\">TZ <\/a><a href=\"https:\/\/www.tz.de\/muenchen\/stadt\/muenchen-ort29098\/muenchen-ex-praesident-musikhochschule-muenchen-siegfried-mauser-muss-ins-gefaengnis-13101039.html\" target=\"_blank\" rel=\"noreferrer noopener\" aria-label=\"z (\u00f6ffnet in neuem Tab)\">z<\/a><a href=\"https:\/\/www.tz.de\/muenchen\/stadt\/muenchen-ort29098\/muenchen-ex-praesident-musikhochschule-muenchen-siegfried-mauser-muss-ins-gefaengnis-13101039.html\">itieren<\/a>. \u201eIch bin schockiert \u00fcber die Urteilsbest\u00e4tigung des BGH, da dies letztlich bedeutet, dass man f\u00fcr blo\u00dfes Grapschen in einer bis zu 15 Jahre zur\u00fcckliegenden Tat knapp drei Jahre in den Knast wandert.\u201c Die Akademie der Sch\u00f6nen K\u00fcnste weigerte sich, ihn fallen zu lassen und lehnte einen Ausschluss Mausers zun\u00e4chst ab. Stattdessen war geplant, eine Festschrift zu Mausers 65. Geburtstag herauszugeben. Zwar nicht direkt durch die Akademie, aber viele Mitglieder hatten daran mitgewirkt. Als Herausgeber zeichnete sich unter anderem Dieter Borchmeyer verantwortlich. Im Vorwort hie\u00df es: \u201eSein bisweilen die Grenzen der <em>biens\u00e9ance<\/em> \u00fcberschreitender weltumarmender Eros hat f\u00fcr ihn schwerwiegende rechtliche Folgen gehabt.\u201c<\/p>\n\n\n\n<h3 class=\"wp-block-heading\">Nous\nsommes Siegfried<\/h3>\n\n\n\n<p>Mauser trat letztendlich freiwillig aus der Akademie aus. Diesen \u201eselbstlosen\u201c Schritt unternahm er nach eigener Aussage, um Schaden von der Akademie abzuwenden. <a href=\"https:\/\/www.facebook.com\/permalink.php?story_fbid=2515362478511993&amp;id=974219202626336\" target=\"_blank\" rel=\"noreferrer noopener\" aria-label=\" (\u00f6ffnet in neuem Tab)\">In einem Brief wandte er sich an seine Fans auf Facebook<\/a>. Sein Post war mit dem in seiner Fangruppe \u00fcblichen Hashtag \u201eNous sommes Siegfried\u201c versehen, in Anlehnung an die Solidarit\u00e4tsbekundungen in Folge der Anschl\u00e4ge auf die franz\u00f6sische Satirezeitschrift Charlie Hebdo in Paris. Siegfried Mauser \u2013 das missverstandene Genie, dem von so vielen Seiten \u00fcbel mitgespielt wurde und mit dem die ganze Welt mitleidet.<\/p>\n\n\n\n<p>Was\nbleibt also vom Mauser-Skandal, wenn man die Geschichte einmal so nennen\nm\u00f6chte? Erst k\u00fcrzlich unterhielten wir uns mit einem Bekannten dar\u00fcber. Er\nhatte die Berichterstattung zwar mitbekommen, war aber mit den Details nicht so\nvertraut wie wir. \u201eAch ja\u201c, sagte er schlie\u00dflich, \u201ewahrscheinlich wird man nie\nherausfinden, was eigentlich passiert ist und ob die Frauen wirklich die Wahrheit\ngesagt haben.\u201c So ist es eben, wenn es in einem Prozess darum geht, wem das\nGericht mehr glaubt, oder?<\/p>\n\n\n\n<p>Moment\nmal&#8230; <\/p>\n\n\n\n<p>So\nist es keineswegs! Wir lassen uns nicht so subtil manipulieren. Die Zweifel,\ndie ges\u00e4t wurden, waren Teil einer ganz bestimmten Taktik. Wir alle sollen nun\ndenken: Das kann man ja so genau alles gar nicht sagen. Aber das kann man sehr\nwohl! Lasst uns deshalb noch einmal zum Anfang zur\u00fcckkehren, um genau zu\nschauen, wie die Dinge wirklich stehen.<\/p>\n\n\n\n<h3 class=\"wp-block-heading\">Die\nwahre Gr\u00f6\u00dfe eines Menschen<\/h3>\n\n\n\n<p>Wie\nreagiert ein \u201egro\u00dfer\u201c Mensch, wenn ihm ein Verbrechen vorgeworfen wird? Man\nw\u00fcrde sich vermutlich eine sachliche, n\u00fcchterne und vielleicht sogar\neinsichtige Reaktion w\u00fcnschen. Besonders als Opfer dieser Straftat w\u00fcrde man\nauf Verst\u00e4ndnis hoffen. Die wenigsten Opfer wollen den T\u00e4ter am Galgen oder im\nGef\u00e4ngnis sehen; ihnen geht es oft eher darum, Anerkennung des eigenen Leids zu\nerfahren und weitere potenzielle Opfer zu sch\u00fctzen. Sowohl bei Christine\nSchornsheim als auch bei Maria Collien war die Anzeige urspr\u00fcnglich dadurch\nmotiviert, dass sie anderen helfen wollten. Um das Leid der Opfer anzuerkennen\ngibt es gibt \u00fcbrigens auch die M\u00f6glichkeit, als T\u00e4ter eine freiwillige\nfinanzielle Entsch\u00e4digung zu leisten. So etwas kommt nicht nur bei den\nBetroffenen, sondern auch vor Gericht gut an, auch wenn man nat\u00fcrlich aufpassen\nmuss, dass ein T\u00e4ter sich so nicht \u201efreikaufen\u201c kann. H\u00e4tte Siegfried Mauser eine\nsolche Entsch\u00e4digung geleistet, aufrichtig Reue gezeigt und ein Gest\u00e4ndnis abgelegt,\nh\u00e4tte er vielleicht sogar nicht einmal ins Gef\u00e4ngnis gemusst. Doch Mauser\nentschied sich f\u00fcr einen anderen Weg. Er wies zun\u00e4chst alle Vorw\u00fcrfe zur\u00fcck \u2013\nein nachvollziehbarer, wenn auch nicht unbedingt notwendiger Schritt. Und dann\nnahm er sich, wie es sein gutes Recht war, einen Anwalt: Alexander Stevens.\nDieser Schritt klingt unspektakul\u00e4r, doch lasst uns hier einmal genauer\nhinschauen. Wer ist dieser Mann?<\/p>\n\n\n\n<p>Alexander Stevens ist ein Anwalt, der die \u00d6ffentlichkeit nicht scheut. <a href=\"https:\/\/de.wikipedia.org\/wiki\/Alexander_Stevens\" target=\"_blank\" rel=\"noreferrer noopener\" aria-label=\" (\u00f6ffnet in neuem Tab)\">Er spielte in der TV-Serie \u201eRichter Alexander Hold\u201c mit und war zu Gast in mehreren Talkshows<\/a>. Zu seinen Publikationen z\u00e4hlen die B\u00fccher \u201e<a href=\"https:\/\/www.amazon.de\/Sex-vor-Gericht-Anwalt-h\u00e4rtesten\/dp\/3426788128\/ref=pd_sim_14_2\/260-9827629-4260660?_encoding=UTF8&amp;pd_rd_i=3426788128&amp;pd_rd_r=64c35ad1-648f-407d-971c-cbe1d639b3ba&amp;pd_rd_w=1TDUW&amp;pd_rd_wg=5iQnv&amp;pf_rd_p=27ff4cf2-95cf-419a-8808-649868aae7d5&amp;pf_rd_r=7GXEQ011KSKMYR366F6T&amp;psc=1&amp;refRID=7GXEQ011KSKMYR366F6T\" target=\"_blank\" rel=\"noreferrer noopener\" aria-label=\" (\u00f6ffnet in neuem Tab)\">Sex vor Gericht \u2013 Ein Anwalt und seine h\u00e4rtesten F\u00e4lle<\/a>\u201c und \u201e<a href=\"https:\/\/www.amazon.de\/Aussage-gegen-Urteile-ohne-Beweise\/dp\/3492229719\/ref=pd_sim_14_12?_encoding=UTF8&amp;pd_rd_i=3492229719&amp;pd_rd_r=420060f1-9be5-4a51-997c-1a89181f5292&amp;pd_rd_w=IcKy5&amp;pd_rd_wg=u2Aic&amp;pf_rd_p=27ff4cf2-95cf-419a-8808-649868aae7d5&amp;pf_rd_r=2MBT3TWN1GZ3213QK8TN&amp;psc=1&amp;refRID=2MBT3TWN1GZ3213QK8TN\" target=\"_blank\" rel=\"noreferrer noopener\" aria-label=\" (\u00f6ffnet in neuem Tab)\">Aussage gegen Aussage \u2013 Urteile OHNE Beweise<\/a>\u201c. Auf <a href=\"https:\/\/www.alexanderstevens.de\/\" target=\"_blank\" rel=\"noreferrer noopener\" aria-label=\" (\u00f6ffnet in neuem Tab)\">seiner Homepage<\/a> verlinkt er auf Zeitungsartikel, die sich unter anderem mit dem Thema Falschbeschuldigungen besch\u00e4ftigen. <a href=\"https:\/\/www.welt.de\/vermischtes\/article153851488\/Ich-habe-keine-One-Night-Stands-mehr.html\" target=\"_blank\" rel=\"noreferrer noopener\" aria-label=\" (\u00f6ffnet in neuem Tab)\">Er ist kein Freund der Versch\u00e4rfung des Sexualstrafrechts aus dem Jahr 2016 und glaubt, dass bis zu 50 % aller Anzeigen wegen Vergewaltigung Falschbeschuldigungen sein k\u00f6nnten<\/a>. Er gilt als Spezialist f\u00fcr solche F\u00e4lle und verspricht eine \u00fcberdurchschnittliche Erfolgsquote. Sein \u201e<a href=\"https:\/\/www.alexanderstevens.de\/#erfolgskonzept\" target=\"_blank\" rel=\"noreferrer noopener\" aria-label=\" (\u00f6ffnet in neuem Tab)\">Erfolgskonzept<\/a>\u201c: Die \u201eAussch\u00f6pfung aller juristischen M\u00f6glichkeiten\u201c und bei Bedarf eine \u201ekonfrontative Prozessverteidigung\u201c. Die \u201e<a href=\"https:\/\/sexualrecht.de\/2019\/01\/06\/strafverteidigung-ist-kampf-um-das-bestmoegliche-ergebnis\/\" target=\"_blank\" rel=\"noreferrer noopener\" aria-label=\" (\u00f6ffnet in neuem Tab)\">typischen Schwachpunkte des Justizsystems<\/a>\u201c sollen dabei ausgenutzt werden. Das alles ist selbstverst\u00e4ndlich nicht billig: Mauser selbst gab die Kosten, die ihm bis dahin durch die Prozesse entstanden waren, in einem Interview mit der BILD vom 9. Februar 2019 mit 220.000 \u20ac an. Ein nicht unerheblicher Anteil davon d\u00fcrften Anwaltskosten gewesen sein. Wer das liest, kann schon ahnen, in welche Richtung Mausers Verteidigungsstrategie gehen w\u00fcrde. Vor diesem Hintergrund ist es ratsam, alles, was sp\u00e4ter passierte, und alles, was in den Medien landete, gr\u00fcndlich zu hinterfragen.<\/p>\n\n\n\n<h3 class=\"wp-block-heading\">Stasi-Akten\nund geistige Verwirrung<\/h3>\n\n\n\n<div class=\"wp-block-image\"><figure class=\"alignleft size-large is-resized\"><img loading=\"lazy\" decoding=\"async\" src=\"https:\/\/upload.wikimedia.org\/wikipedia\/commons\/e\/ee\/Karlsruhe_Erbgro%C3%9Fherzogliches_Palais.jpg\" alt=\"\" width=\"281\" height=\"195\"\/><figcaption>Der Bundesgerichtshof in Karlsruhe best\u00e4tigte das Urteil gegen Siegfried Mauser.<\/figcaption><\/figure><\/div>\n\n\n\n<p>Es\nwar von Anfang an klar, dass in den Prozessen Aussage gegen Aussage stehen\nw\u00fcrde. Weder die Nebenkl\u00e4gerinnen noch Mauser selbst hatten Zeugen f\u00fcr die\nfraglichen Ereignisse. Dar\u00fcber hinaus gab es aber noch ein viel wichtigeres\nFeld, auf dem das \u201eTeam Mauser\u201c die Kontrolle nicht verlieren durfte: Die\n\u00f6ffentliche Meinung. Die \u00d6ffentlichkeit m\u00fcht sich allerdings nicht mit\njuristischen Details ab, wie sie vor Gericht wichtig sind. Es mussten daher\neinfache und griffige Erkl\u00e4rungen f\u00fcr die Aussagen der Frauen gefunden werden.\nUnd so geschah es auch: Sie sahen sich schnell mit dem Vorwurf konfrontiert,\nsie w\u00fcrden private Rachefeldz\u00fcge vornehmen; auf Grund von verpassten\nKarrierechancen, Zur\u00fcckweisungen oder einfach nur, weil sie sich von Mauser\nungerecht behandelt f\u00fchlten. Unterlegen lie\u00dfen sich diese Geschichten wunderbar\nmit scheinbaren Widerspr\u00fcchen (\u201eWarum trifft sie ihn denn nochmal, wenn er sie\nbeim ersten Treffen zum Sex gedr\u00e4ngt hat?\u201c) und aus dem Zusammenhang gerissenen\n\u201eBeweisen\u201c. Diese \u201eBeweise\u201c lagen den Gerichten alle vor, aber sie sch\u00e4tzen\nihre Bedeutung anders ein. Doch die Strategie ging zun\u00e4chst auf: Erstens konnte\nso behauptet werden, die Gerichte h\u00e4tten die \u201eBeweise\u201c f\u00fcr Mausers Unschuld\nnicht gen\u00fcgend gew\u00fcrdigt, und zweitens waren bei den unbeteiligten Zuschauern\ndie ersten Zweifel gestreut.<\/p>\n\n\n\n<p>Im Gerichtsaal wurde dagegen eine ganz andere Strategie verfolgt: Den Nebenkl\u00e4gerinnen sollte \u2013 salopp formuliert \u2013 das Leben zur H\u00f6lle gemacht werden. Es wurde alles daran gesetzt, ihre Glaubw\u00fcrdigkeit zu zerst\u00f6ren und Widerspr\u00fcche in ihren Aussagen zu finden. Doch zum gro\u00dfen Pech der Verteidiger gestaltete sich dieser Teil \u00e4u\u00dferst schwierig; die Widerspr\u00fcche, die sich in den Aussagen ergaben, waren nur minimal. Maria Collien erinnerte sich beispielsweise nicht mehr genau daran, wie lange ihre erste Vernehmung bei der Polizei gedauert hatte oder ob Mauser ihr beim zweiten oder dritten \u00dcbergriff an die Hose oder den Busen gegriffen hatte. Die Anw\u00e4lte klammerten sich jedoch an diese Strohhalme. Erkl\u00e4rung f\u00fcr die \u201eWiderspr\u00fcche\u201c: Geistige Verwirrung! Traurige H\u00f6hepunkte dieser Demontage waren, als eine \u201eunbeteiligte\u201c Person beantragte, die <a rel=\"noreferrer noopener\" aria-label=\" (\u00f6ffnet in neuem Tab)\" href=\"https:\/\/blogs.nmz.de\/badblog\/2018\/07\/02\/warum-die-musikhochschule-muenchen-dringend-einen-neuanfang-braucht\/\" target=\"_blank\">Stasi-Akte einer der Nebenkl\u00e4gerinnen<\/a> anzufordern oder als Mausers Anwalt vorschlug, live im Gericht testen zu lassen, ob Siegfried Mauser Maria Collien wirklich die Zunge bis an das Z\u00e4pfchen in den Hals habe stecken k\u00f6nnen. Als die Richterin dies reichlich emp\u00f6rt ablehnte, musste diese Aussage tats\u00e4chlich per Gutachten gekl\u00e4rt werden. Das Ergebnis: Dieser Vorgang war anatomisch sehr gut m\u00f6glich. Das hatte nat\u00fcrlich \u00fcberhaupt nichts mit der Sache zu tun, erh\u00f6hte den Druck aber weiter bis ins Unertr\u00e4gliche.<\/p>\n\n\n\n<h3 class=\"wp-block-heading\">Der\nPlan geht nicht auf<\/h3>\n\n\n\n<p>Selbstverst\u00e4ndlich\nlie\u00dfen sich die Gerichte von solch kl\u00e4glichen Versuchen nicht beeindrucken.\nAber den Frauen wurde damit deutlich gemacht, dass man allen Schmutz, den man\nfinden konnte, auch gegen sie verwenden w\u00fcrde. Dies hatte zur Folge, dass die\nFrauen w\u00e4hrend des Prozesses im Prinzip keinerlei Kontakt zur Au\u00dfenwelt\ngeschweige denn zu den Medien haben konnten, weil sie permanent Gefahr liefen,\nsich in Widerspr\u00fcche zu verwickeln. Maria Collien berichtete uns, dass sie\nwochenlang nicht mit ihren Freunden sprechen konnte, weil diese teilweise\nselbst im Prozess aussagen wollten. Sie litt sehr unter dem Prozess und konnte\nMonate lang kein normales Leben f\u00fchren. Die psychische Belastung f\u00fchrte bei ihr\nmitunter zu k\u00f6rperlichen Beschwerden wie z.B. einer G\u00fcrtelrose und\nMagenkoliken. Finanziell hatte sie nat\u00fcrlich nicht die M\u00f6glichkeiten eines\nSiegfried Mauser und sie wollte sich auch nicht verausgaben. Im Gespr\u00e4ch mit\nuns sagte sie sehr eindr\u00fccklich: \u201eEr war doch der T\u00e4ter! Keinen Cent wollte ich\ndaf\u00fcr bezahlen!\u201c Sie schaffte es tats\u00e4chlich, so gut wie nichts f\u00fcr Anw\u00e4lte\nzahlen zu m\u00fcssen \u2013 nat\u00fcrlich zu dem Preis, dass sie keinen \u201eStar-Anwalt\u201c aus\ndem Fernsehen engagieren konnte. Schmerzensgeld oder eine sonstige Kompensation\nhat sie aber auch nicht erhalten. Sie k\u00f6nnte daf\u00fcr eine Zivilklage anstreben,\naber man wird verstehen k\u00f6nnen, dass sie erst einmal genug Prozesse erlebt hat.\nDamit d\u00fcrfte das Argument, die Frauen h\u00e4tten irgendwelche sinistren Motive\ngehabt, noch unwahrscheinlicher wirken.<\/p>\n\n\n\n<div class=\"wp-block-image\"><figure class=\"alignright size-large is-resized\"><img loading=\"lazy\" decoding=\"async\" src=\"https:\/\/upload.wikimedia.org\/wikipedia\/commons\/0\/08\/Moritz_Eggert.jpg\" alt=\"\" width=\"182\" height=\"273\"\/><figcaption>Der Komponist Moritz Eggert geh\u00f6rte zu den wenigen, die sich kritisch zum Fall Mauser \u00e4u\u00dferten.<\/figcaption><\/figure><\/div>\n\n\n\n<p>Nicht\nso f\u00fcr Mauser: In der Zwischenzeit posaunten er und sein Umfeld ein Statement\nnach dem n\u00e4chsten heraus \u2013 w\u00e4hrend die Nebenkl\u00e4gerinnen zur Zur\u00fcckhaltung\nverpflichtet waren! Damit riss das \u201eTeam Mauser\u201c die Deutungshoheit in der\n\u00d6ffentlichkeit an sich. In deren Version der Geschichte war Siegfried Mauser\ndas Opfer einer Verschw\u00f6rung. Dabei bedienten sie sich einer Technik, die von\nvielen Verschw\u00f6rungstheoretikern und Populisten benutzt wird: Sie \u00e4u\u00dferten\nmehrfach (sogar uns gegen\u00fcber!), jedem, der Mauser f\u00fcr schuldig h\u00e4lt, l\u00e4gen\nnicht alle Informationen vor. Nur ein kleiner Kreis aus Familie und Freunden\nkenne die \u201eWahrheit\u201c hinter den Vorw\u00fcrfen und die \u201ewahren\u201c Motive der Frauen.\nDiese Behauptung l\u00e4sst sich \u2013 wie bei allen guten Verschw\u00f6rungstheorien \u2013\nnat\u00fcrlich nicht direkt widerlegen. Allerdings konnte man sich schon fragen,\nwarum diese Beweise dem Gericht nicht vorgelegt wurden, wenn sie Mauser\nangeblich entlasteten. Es ist wohl kaum anzunehmen, dass Mausers Anw\u00e4lte einen\nsolchen Fehler begangen h\u00e4tten.<\/p>\n\n\n\n<p>Zur\nVerbreitung dieser Thesen baute man darauf, dass gro\u00dfe Teile der MusikerInnen\nsich kaum f\u00fcr politische Dinge interessieren, geschweige denn \u00f6ffentlich \u00e4u\u00dfern\nw\u00fcrden. Sie erwarteten wohl, dass den Darstellungen Mausers wenig Gegenwind\nentgegenschlagen w\u00fcrde. Doch zumindest dieser Teil des Plans ging nicht auf,\ndenn es gab tats\u00e4chlich einige MusikerInnen, die sich kritisch \u00e4u\u00dferten. Das\nwaren neben dem bereits angesprochenen Moritz Eggert unter anderem auch\nAlexander Strauch auf dem Blog der nmz, der Pianist Igor Levit und nat\u00fcrlich\nwir auf dem Harfenduo-Blog. Und auch nicht alle Medien lie\u00dfen sich f\u00fcr die\npro-Mauser-Kampagne einspannen. Das war der Anfang vom Scheitern der\nVerteidigungsstrategie.<\/p>\n\n\n\n<h3 class=\"wp-block-heading\">\u201eDas\nsoll M\u00fcnchens Kulturwelt sein?\u201c<\/h3>\n\n\n\n<div class=\"wp-block-image\"><figure class=\"alignleft size-large is-resized\"><img loading=\"lazy\" decoding=\"async\" src=\"https:\/\/upload.wikimedia.org\/wikipedia\/commons\/c\/cb\/Michael_Kr%C3%BCger_Thomas-Mann-Preis_2017_8568.jpg\" alt=\"\" width=\"315\" height=\"210\"\/><figcaption>Mit Michael Kr\u00fcger \u00e4u\u00dferte sich ein weiterer (ehemaliger) Pr\u00e4sident der BADSK in einem Leserbrief.<\/figcaption><\/figure><\/div>\n\n\n\n<p>Auf\nder juristischen Seite lief es nicht gut f\u00fcr Mauser. Der erste Prozess vor dem\nAmtsgericht wurde verloren, Mauser zu einer Bew\u00e4hrungsstrafe verurteilt. Das\nw\u00e4re nicht so schlimm gewesen, wenn er seinen guten Ruf in der \u00d6ffentlichkeit\nbehalten h\u00e4tte. Und wie durch Zufall gingen unmittelbar danach die Leserbriefe\nseiner Freunde bei der S\u00fcddeutschen Zeitung ein. Die Frauen wurden derart\nverunglimpft und Mauser so vehement verteidigt, dass man als LeserIn gar nicht\ndrumherum kam, ihn f\u00fcr unschuldig zu halten. Es entstand der Eindruck, Mauser\nseien einfach spontan ein paar Freunde zur Seite gesprungen.<\/p>\n\n\n\n<p>Dahinter steckte mutma\u00dflich eine gezielte Aktion. Alexander Strauch <a rel=\"noreferrer noopener\" aria-label=\" (\u00f6ffnet in neuem Tab)\" href=\"https:\/\/blogs.nmz.de\/badblog\/2019\/09\/21\/netzwerke-wer-zog-seine-unterstuetzung-zur-mauser-festschrift-zurueck\/\" target=\"_blank\">vermutete auf dem Blog der nmz<\/a>, dass die Freunde zu diesen Briefen aufgefordert worden waren. Als Beleg f\u00fchrte er einen Facebook-Post von Am\u00e9lie Sandmann-Mauser, Mausers Ehefrau, an, in dem sie einer dritten Person fehlende Hilfeleistung vorwarf. F\u00fcr diese These spricht auch, dass laut Redaktion der SZ zu diesem Zeitpunkt keine Leserbriefe eingegangen waren, die das Urteil gegen Mauser begr\u00fc\u00dften. Mausers Freunde waren also entweder \u00e4u\u00dferst schnell mit dem Verfassen der Briefe gewesen oder hatten sie schon zu einem fr\u00fcheren Zeitpunkt f\u00fcr den Fall der F\u00e4lle vorbereitet. Eine Woche sp\u00e4ter wurden dann allerdings <a rel=\"noreferrer noopener\" aria-label=\" (\u00f6ffnet in neuem Tab)\" href=\"https:\/\/www.sueddeutsche.de\/muenchen\/2.220\/urteil-das-soll-muenchens-kulturwelt-sein-1.3029045\" target=\"_blank\">ganz andere Leserbriefe ver\u00f6ffentlicht<\/a>, in denen sich ganz \u201enormale\u201c Leser entsetzt \u00fcber die Wortwahl Borchmeyers, Kr\u00fcger &amp; Co. zeigten. Ein Leser fragte: \u201eDas soll M\u00fcnchens Kulturwelt sein?\u201c<\/p>\n\n\n\n<h3 class=\"wp-block-heading\">Maria\nColliens Auftritt bringt eine neue Wendung<\/h3>\n\n\n\n<p>Siegfried\nMauser w\u00e4re aus der ganzen Sache vielleicht mit einem blauen Auge\ndavongekommen, wenn nicht Maria Collien zuf\u00e4llig vom Schornsheim-Prozess in der\nZeitung gelesen h\u00e4tte. Sie wusste sofort, dass sie als Zeugin aussagen wollte.\nSie hatte \u00e4hnliche Erfahrungen mit Siegfried Mauser gemacht und wollte den\nanderen Frauen beistehen. Zum Prozessauftakt ging sie einfach zum Gericht. Als\nsie vor dem Geb\u00e4ude wartete, kam auch Siegfried Mauser an. Sie berichtete uns,\ndass er bei ihrem Anblick blass geworden sei. Aber es waren auch Journalisten\nda und er hatte seine Rolle zu spielen. Also winkte er ihr freundlich zu.<\/p>\n\n\n\n<p>Als Maria Collien ihre Aussage bei der Polizei machte, wurde schnell klar, dass ihr Fall in einem gesonderten Verfahren behandelt werden musste. Auch in diesem Verfahren kannten Mausers Anw\u00e4lte keine Gnade. Teilweise f\u00fcnf oder sechs Mal musste Maria Collien ein und dieselbe Frage beantworten, bis die Richterin einschritt. Stundenlang ging das so. In diesem zweiten Verfahren wurde Mauser schlie\u00dflich zu einer Gef\u00e4ngnisstrafe von zwei Jahren und neun Monaten verurteilt. Maria Collien schilderte uns eine Szene aus dem Prozess, die sich schwer mit dem Bild des gutm\u00fctigen K\u00fcnstlers, was Mauser selbst von sich zeichnete, in Einklang bringen l\u00e4sst. Nach den Pl\u00e4doyers bat er darum, Maria Collien noch eine Frage stellen zu d\u00fcrfen: \u201eDu erz\u00e4hlst hier, ich h\u00e4tte dein Leben ruiniert. Aber von den 800 \u20ac f\u00fcr den Lehrauftrag, da kann man doch gar nicht von leben!\u201c F\u00fcr diesen Lehrauftrag hatte sie sich an der HMT M\u00fcnchen beworben, als er sie auf das Sofa in seinem B\u00fcro dr\u00fcckte.<\/p>\n\n\n\n<h3 class=\"wp-block-heading\">Ehrungen\nf\u00fcr einen Sexualstraft\u00e4ter<\/h3>\n\n\n\n<div class=\"wp-block-image\"><figure class=\"alignright size-large is-resized\"><img loading=\"lazy\" decoding=\"async\" src=\"https:\/\/upload.wikimedia.org\/wikipedia\/commons\/c\/ca\/M%C3%BCnchner_Residenz_2014-08-02_Pano.jpg\" alt=\"\" width=\"277\" height=\"112\"\/><figcaption>Die M\u00fcnchner Residenz ist Sitz der Bayerischen Akademie der Sch\u00f6nen K\u00fcnste.<\/figcaption><\/figure><\/div>\n\n\n\n<p>Im\nHintergrund arbeiteten derweil ein paar besonders treue Freunde an der\nRehabilitation Mausers, indem sie munter Konzerte mit ihm planten. Ebenso wurde\nbesagte Festschrift vorbereitet. Die Aussagen, wann sie genau geschrieben\nwurde, gehen auseinander. Da aber das Urteil im Schornsheim-Prozess schon im\nHerbst 2018 rechtskr\u00e4ftig wurde, erscheint es unwahrscheinlich, dass es innerhalb\neines Jahres nicht m\u00f6glich gewesen sein soll, Teile davon noch zu \u00e4ndern oder\nwenigstens die Ver\u00f6ffentlichung zu verschieben. Die Festschrift wurde unserer\nMeinung nach benutzt, um die Zweifel an der Schuld Mausers aufrecht zu\nerhalten.<\/p>\n\n\n\n<p>Doch die Aufgabe, Mauser trotz rechtskr\u00e4ftiger Urteile f\u00fcr unschuldig zu erkl\u00e4ren, wurde immer schwieriger. Schon nach dem Urteil im Schornsheim-Prozess war die HMT M\u00fcnchen \u201eeingeknickt\u201c, hatte sich von ihrem ehemaligen Pr\u00e4sidenten distanziert und bei seinen Opfern entschuldigt. Und nachdem der BGH auch das Urteil im Collien-Prozess best\u00e4tigt hatte, sprangen weitere \u201eFreunde\u201c ab. Erste Mitglieder der Akademie der Sch\u00f6nen K\u00fcnste forderten den Ausschluss Mausers, die Festschrift und besonders deren Vorwort und der Ver\u00f6ffentlichungszeitpunkt wurden von zahlreichen Medien kritisiert. Der Kommentar \u201e<a rel=\"noreferrer noopener\" aria-label=\" (\u00f6ffnet in neuem Tab)\" href=\"https:\/\/www.sueddeutsche.de\/kultur\/missbrauch-an-der-musikhochschule-entlarvendes-lehrstueck-1.4678625\" target=\"_blank\">Entlarvendes Lehrst\u00fcck<\/a>\u201c von Kia Vahland war mehrere Tage lang auf der Startseite der S\u00fcddeutschen Zeitung zu sehen. Als sich dann die ersten Autoren der Festschrift distanzierten, war die letzte Bastion gefallen. Die Akademie ver\u00f6ffentlichte <a rel=\"noreferrer noopener\" aria-label=\" (\u00f6ffnet in neuem Tab)\" href=\"https:\/\/www.nmz.de\/kiz\/nachrichten\/causa-mauser-stellungnahme-der-leitung-der-bayerischen-akademie-der-schoenen-kuenste\" target=\"_blank\">eine Erkl\u00e4rung<\/a>, dass die Festschrift ausschlie\u00dflich die Meinung der einzelnen Personen darstelle und dass sie den Opfern Mausers ihr Bedauern ausspreche. Deren Aussagen \u2013 auch die Leserbriefe in der SZ \u2013 seien privat ge\u00e4u\u00dfert worden. Wie das im Einklang mit den Unterschriften unter den Leserbriefen stand, wurde nicht erkl\u00e4rt.* Nichtsdestotrotz: Man kann nur hoffen, dass die Betroffenen nun endlich die Anerkennung erhalten, die sie verdienen und ihren Frieden finden. Wir w\u00fcrden es ihnen sehr w\u00fcnschen!<\/p>\n\n\n\n<hr class=\"wp-block-separator\"\/>\n\n\n\n<p>*) <strong><em>Nachtrag vom 11.12.2019:<\/em><\/strong><br><em>In der urspr\u00fcnglichen Version dieses Beitrags hatten wir geschrieben:<\/em><br><em>\u201eDieser Schritt kam allerdings wohl nicht ganz freiwillig: <a rel=\"noreferrer noopener\" aria-label=\" (\u00f6ffnet in neuem Tab)\" href=\"https:\/\/twitter.com\/schoenerhandeln\/status\/1196863356529004547?fbclid=IwAR2Q_1neYaR_0-WjUzUuUUh4FYK5BgxXPFAJmvQQ4_vr0_lFOusaIS1DAko\" target=\"_blank\">Der Journalist Jan-Philipp M\u00f6ller twitterte Mitte November 2019, die Akademie sei dazu vom Staatsministerium aufgefordert worden<\/a>.\u201c<br>Die BAdSK hat uns daraufhin \u00fcber ihren Pressesprecher kontaktiert und gebeten klarzustellen, dass ihre \u00f6ffentliche Erkl\u00e4rung nicht auf Druck des Ministeriums geschah. Das Ministerium hat mittlerweile best\u00e4tigt, dass es keine Aufforderung gab. In einer schriftlichen Mitteilung der Leitung der Akademie an alle Mitglieder vom 19.11.2019, die uns vorliegt, hei\u00dft es aber:<br>\u201eDie Leitung der Akademie wurde am 11. November 2019 aufgrund einer Landtagsanfrage der Opposition an unser Ministerium von diesem aufgefordert, zur (Festschrift-)Causa Mauser \u00f6ffentlich Stellung zu nehmen. Die Anfrage thematisierte zudem einen bereits entstandenen Image-Schaden der Akademie. Deshalb bitte ich f\u00fcr diese Vorgehensweise der Akademieleitung um Verst\u00e4ndnis. Den Wortlaut der Erkl\u00e4rung finden Sie unter diesem Link: <a rel=\"noreferrer noopener\" aria-label=\" (\u00f6ffnet in neuem Tab)\" href=\"https:\/\/www.badsk.de\/presse\/mitteilungen\/stellungnahme-der-leitung-der-bayerischen-akademie-der-sch\u00f6nen-k\u00fcnste\" target=\"_blank\">https:\/\/www.badsk.de\/presse\/mitteilungen\/stellungnahme-der-leitung-der-bayerischen-akademie-der-sch\u00f6nen-k\u00fcnste<\/a>.<br>Sicher ist der eine oder andere Satz nicht im Sinne aller Mitglieder, aber die Direktoren und auch der Pr\u00e4sident halten diese Formulierungen f\u00fcr alternativlos.\u201c<br>Diese Mitteilung war die Grundlage f\u00fcr unsere urspr\u00fcngliche Aussage. Wir bedauern, dass es dadurch zu Unklarheiten auf unserem Blog kam, m\u00f6chten aber auch betonen, dass uns zum Zeitpunkt der Ver\u00f6ffentlichung unseres Blogbeitrags keine Informationen vorlagen, die nahelegten, dass es keine Aufforderung des Ministeriums gegeben hatte. Den nun offensichtlichen Widerspruch der beiden Aussagen k\u00f6nnen wir nicht erkl\u00e4ren. Auch warum innerhalb der Akademie um Verst\u00e4ndnis f\u00fcr die Stellungnahme geworben werden musste, erschlie\u00dft sich uns nicht. Hier ist unserer Meinung nach die Akademie gefragt, Aufkl\u00e4rung zu leisten.<\/em><\/p>\n\n\n\n<hr class=\"wp-block-separator\"\/>\n\n\n\n<h3 class=\"wp-block-heading\">Was\nbleibt vom Mythos Mauser?<\/h3>\n\n\n\n<p>Ein Kernaspekt der pro-Mauser-Kampagne war, ihn als harmlosen Menschen darzustellen, der nur f\u00fcr die Kunst lebt. Doch dieser Mythos h\u00e4lt unserer Meinung nach einer n\u00e4heren Betrachtung nicht stand. Denn mittlerweile mehren sich die Stimmen, dass Siegfried Mauser vielleicht doch nicht so ein Unschuldslamm gewesen ist, wie er behauptet. Dieter Borchmeyer gab beispielsweise im <a rel=\"noreferrer noopener\" aria-label=\" (\u00f6ffnet in neuem Tab)\" href=\"https:\/\/www.br-klassik.de\/aktuell\/news-kritik\/dieter-borchmeyer-festschrift-siegfried-mauser-akademie-der-schoenen-kuenste-interview-100.html\" target=\"_blank\">Interview des BR<\/a> auf die Frage nach der Bedeutung des Wortes \u201ebiens\u00e9ance\u201c (w\u00f6rtl.: \u201eAnstand\u201c) an: \u201eIn der Hinsicht hatten wir, wenn ich ganz ehrlich bin, mit Siegfried Mauser immer gewisse Probleme.\u201c (Das wollte er allerdings nicht als Distanzierung von Mauser verstanden wissen. Er widersprach im gleichen Interview auch der Aussage, dass Mauser Lebensleistung von den Schuldspr\u00fcchen beeinflusst w\u00fcrde \u2013 auch wenn er damals in seinem Leserbrief etwas ganz anderes geschrieben hatte!) Der fr\u00fchere Leiter der Weidener Max-Reger-Tage Kurt Seibert <a rel=\"noreferrer noopener\" aria-label=\" (\u00f6ffnet in neuem Tab)\" href=\"https:\/\/www.onetz.de\/oberpfalz\/weiden-oberpfalz\/naechster-skandal-um-siegfried-mauser-id2894914.html\" target=\"_blank\">best\u00e4tigt bei onetz.de<\/a>: \u201eDer Mauser war die Spinne im Netz, er war \u00fcberall drin. Und jeder wusste, dass er ein Schlawiner ist.\u201c Sowohl die Ausdr\u00fccke \u201egewisse Probleme\u201c wie auch \u201eSchlawiner\u201c lassen nat\u00fcrlich Interpretationsspielraum. Im Gespr\u00e4ch mit Maria Collien bekamen auch wir den Eindruck, dass die Vorw\u00fcrfe gegen Mauser f\u00fcr manche wohl nicht so \u00fcberraschend kamen wie zun\u00e4chst behauptet.<\/p>\n\n\n\n<p>Aber\nunabh\u00e4ngig von seinen sexuellen Eskapaden bleibt sein Verhalten w\u00e4hrend der\nProzesse f\u00fcr uns unentschuldbar. Genau solche Verteidigungsstrategien f\u00fchren\ndazu, dass Opfer von Gewalt sich scheuen, den T\u00e4ter anzuzeigen \u2013 aus Angst vor\neinem Gerichtsprozess, wie sie die Opfer von Siegfried Mauser erleben mussten.\nViele seiner Freunde kritisieren, man wolle Mauser vernichten und ihn aus der\nGesellschaft ausschlie\u00dfen. Das ist nat\u00fcrlich Unsinn. Bei glaubw\u00fcrdiger Reue\nw\u00e4re nicht nur f\u00fcr uns eine R\u00fcckkehr in manche Funktionen und \u00c4mter denkbar\ngewesen. Doch diese Reue hat er leider nicht gezeigt. Er hat sich auf ein\nriskantes Alles-oder-Nichts-Spiel eingelassen, als er diese\nVerteidigungsstrategie w\u00e4hlte. Da wirkt es f\u00fcr uns mehr als zynisch, wenn er\nsich dar\u00fcber beklagte, wie schlecht es ihm w\u00e4hrend der Prozesse ging und dass\ner pleite sei. Geld f\u00fcr einen Star-Anwalt hatte er offenbar schon noch; das\nLeid der Opfer war um ein vielfaches h\u00f6her, auch wenn sie dar\u00fcber nicht so in\nder \u00d6ffentlichkeit jammern konnten. Nun wird er sich damit auseinandersetzen\nm\u00fcssen, dass am Ende das \u201eNichts\u201c steht und er auf dem Weg dorthin noch viele\nFreunde und Familienmitglieder mit in den Abgrund gerissen hat.<\/p>\n\n\n\n<h3 class=\"wp-block-heading\">Die\nZeichen der Zeit nicht erkannt<\/h3>\n\n\n\n<p>Mausers\nVerteidigungsstrategie hatte zwei entscheidende Schwachpunkte (abgesehen davon,\ndass er die ihm vorgeworfenen Taten begangen hatte): Erstens nahm er irrt\u00fcmlich\nan, er k\u00f6nne \u00fcber seine Freunde die \u00f6ffentliche Meinung bestimmen; zweitens\nhatten er und sein Anwalt wohl nicht mitbekommen, dass die Gesellschaft sich in\nden letzten Jahren ver\u00e4ndert hat. Vor zehn Jahren w\u00e4re er mit seinen Taten\nvielleicht noch davongekommen, doch mittlerweile sind Gerichte sensibilisiert\nf\u00fcr solche F\u00e4lle. Auch eine einzige Zeugenaussage kann als Beweis gewertet\nwerden, wenn das Gericht sie f\u00fcr glaubw\u00fcrdig h\u00e4lt. Die Behauptung, es habe\nkeine Beweise gegen Mauser gegeben, ist also nicht korrekt. Wird ein\nmutma\u00dfliches Opfer vor Gericht derart in die Mangel genommen und zeigt sich ein\nBeschuldigter derart uneinsichtig, macht das hingegen keinen guten Eindruck.\nSeine Anw\u00e4lte und im \u00dcbrigen auch alle seine Freunde, die sich \u00f6ffentlich\nge\u00e4u\u00dfert haben, haben ihm damit einen B\u00e4rendienst erwiesen. Das Leid, das er\nden Opfern durch seine Verteidigungsstrategie noch zus\u00e4tzlich zugef\u00fcgt hat,\nsollte man ihm nicht so einfach verzeihen. Von einem \u201egro\u00dfen K\u00fcnstler und\nMenschen\u201c darf man anderes erwarten. Dieses Beharren auf veraltete Strukturen,\ndieses Klammern an Macht und diese \u00fcberkommene Vorstellung des \u201eK\u00fcnstlergenies\u201c\nsagt viel \u00fcber die Kreise aus, in denen sich Mauser bewegt.<\/p>\n\n\n\n<p>Auch auf die Verfassungsbeschwerde sollte man nicht all zu gro\u00dfe Hoffnungen setzen. Statistisch gesehen sind <a href=\"https:\/\/www.bundesverfassungsgericht.de\/SharedDocs\/Downloads\/DE\/Statistik\/statistik_2018.pdf?__blob=publicationFile&amp;v=2\" target=\"_blank\" rel=\"noreferrer noopener\" aria-label=\" (\u00f6ffnet in neuem Tab)\">nur 1 bis 2 % solcher Klagen<\/a> erfolgreich und wir k\u00f6nnen uns ehrlich gesagt auch nicht vorstellen, auf welcher Begr\u00fcndung sie fu\u00dfen sollte. Dieser Schritt d\u00fcrfte nur eine weitere Verz\u00f6gerungstaktik sein, um den treuesten der treuen Freunde die Gelegenheit zu geben, sich weiter f\u00fcr ihn stark zu machen. Doch ob diese Strategie weiter verfolgt werden wird, <a href=\"https:\/\/www.sueddeutsche.de\/muenchen\/muenchen-fall-mauser-birgit-mueller-wieland-michael-krueger-1.4693176\" target=\"_blank\" rel=\"noreferrer noopener\" aria-label=\" (\u00f6ffnet in neuem Tab)\">wo sich nahezu t\u00e4glich Leute von ihm oder seinen Bef\u00fcrwortern distanzieren<\/a>, bleibt abzuwarten.<\/p>\n\n\n\n<h3 class=\"wp-block-heading\">Was\nist denn nun wirklich passiert?<\/h3>\n\n\n\n<div class=\"wp-block-image\"><figure class=\"alignleft size-large is-resized\"><img loading=\"lazy\" decoding=\"async\" src=\"https:\/\/upload.wikimedia.org\/wikipedia\/commons\/0\/09\/M%C3%BCnchen_-_HS_f%C3%BCr_Musik_und_Theater.jpg\" alt=\"\" width=\"300\" height=\"225\"\/><figcaption>Die Musikhochschule M\u00fcnchen: In diesen R\u00e4umlichkeiten passierten die \u00dcbergriffe Mausers.<\/figcaption><\/figure><\/div>\n\n\n\n<p>Bleibt zum Schluss eigentlich nur noch eine Frage: Was ist denn nun wirklich passiert, damals im Pr\u00e4sidentenb\u00fcro? Kann man das \u00fcberhaupt sagen? Von allen Fragen, denen wir in diesem Artikel nachgegangen sind, ist diese nun wirklich am einfachsten zu beantworten: Ja, man kann! Die Gerichte haben die Ereignisse zweifelsfrei festgestellt. Die genauen Abl\u00e4ufe stehen in den Gerichtsakten und sind teilweise in den Zeitungen zu lesen. Maria Collien hat uns pers\u00f6nlich noch einmal die ganze Geschichte erz\u00e4hlt, mit allen unappetitlichen Details. Wenn jemand geistig zurechnungsf\u00e4hig ist, dann diese Frau. Wir w\u00fcrden ihre Geschichte gerne ver\u00f6ffentlichen und werden das auch tun, sobald es m\u00f6glich ist. Nach ihrer Erz\u00e4hlung gibt es bei uns \u00fcberhaupt keine Zweifel mehr: Siegfried Mauser hat Frauen bedr\u00e4ngt, begrapscht und sexuell gen\u00f6tigt. Dabei ging er plump und gewaltsam vor. \u00dcber den Willen der Frauen setzte er sich dabei hinweg. Die Situationen waren keine \u201eInterpretationssache\u201c und haben sich auch nicht im \u201eGraubereich\u201c zwischen Erlaubtem und Verbotenem abgespielt. Wer weiterhin von \u201eblo\u00dfem Grapschen\u201c spricht, verharmlost unserer Meinung nach seine Taten und verh\u00f6hnt die Opfer. F\u00fcr eine Verschw\u00f6rung oder einen Rachefeldzug konnten die Verteidiger keine stichhaltigen Beweise vorlegen. <a rel=\"noreferrer noopener\" aria-label=\" (\u00f6ffnet in neuem Tab)\" href=\"https:\/\/www.sueddeutsche.de\/muenchen\/prozess-falsche-behauptungen-1.4048502\" target=\"_blank\">Am\u00e9lie Sandmann-Mauser wurde wegen Verleumdung verurteilt; es wurde ihr gerichtlich untersagt, diese These weiter zu verbreiten<\/a>. So, wie Mauser die Ereignisse geschildert hat, sind sie nicht passiert. So wie die Opfer die Situationen geschildert haben, sind sie passiert. Mauser und seinen \u201eFreunden\u201c sollte man kein Geh\u00f6r mehr schenken. Wer wissen will, was f\u00fcr ein Mensch Mauser (auch) ist, sollte seinen Opfern zuh\u00f6ren.<\/p>\n\n\n\n<h3 class=\"wp-block-heading\">Laura &amp; Daniel<\/h3>\n\n\n\n<p class=\"has-small-font-size\">Bildquellen:<br>\u201eSiegfried Mauser (2014)\u201c: <a href=\"https:\/\/de.wikipedia.org\/wiki\/Datei:Siegfried_Mauser_in_2014.jpg\">Quelle<\/a>, Autor: <a href=\"https:\/\/commons.wikimedia.org\/w\/index.php?title=User:Sigi_Mauser&amp;action=edit&amp;redlink=1\">Sigi Mauser<\/a>, Lizenz: <a href=\"https:\/\/en.wikipedia.org\/wiki\/de:Creative_Commons\">Creative-Commons<\/a>-Lizenz <a href=\"https:\/\/creativecommons.org\/licenses\/by-sa\/4.0\/deed.de\">\u201eNamensnennung \u2013 Weitergabe unter gleichen Bedingungen 4.0 international\u201c<\/a><br>\u201eHans Magnus Enzensberger&#8220;: <a href=\"https:\/\/de.wikipedia.org\/wiki\/Datei:Hans_Magnus_Enzensberger_T%C3%BCbingen_November_2013.JPG\">Quelle<\/a>, Autor: <a href=\"https:\/\/commons.wikimedia.org\/wiki\/User:Felix_Koenig\">Felix K\u00f6nig<\/a>, Lizenz: <a href=\"https:\/\/en.wikipedia.org\/wiki\/de:Creative_Commons\">Creative-Commons<\/a>-Lizenz <a href=\"https:\/\/creativecommons.org\/licenses\/by\/3.0\/deed.de\">\u201eNamensnennung 3.0 nicht portiert\u201c<\/a><br>\u201eDieter Borchmeyer\u201c: <a href=\"https:\/\/de.wikipedia.org\/wiki\/Datei:Dieter_Borchmeyer_2017.jpg\">Quelle<\/a>, Autor: <a href=\"https:\/\/commons.wikimedia.org\/wiki\/User:Amrei-Marie\">Amrei-Marie<\/a>, Lizenz: <a href=\"https:\/\/en.wikipedia.org\/wiki\/de:Creative_Commons\">Creative-Commons<\/a>-Lizenz <a href=\"https:\/\/creativecommons.org\/licenses\/by-sa\/4.0\/deed.de\">\u201eNamensnennung \u2013 Weitergabe unter gleichen Bedingungen 4.0 international\u201c<\/a><br>\u201eGeb\u00e4ude des Bundesgerichtshof\u201c: <a href=\"https:\/\/de.wikipedia.org\/wiki\/Datei:Karlsruhe_Erbgro%C3%9Fherzogliches_Palais.jpg\">Quelle<\/a>, Autor: <a href=\"https:\/\/en.wikipedia.org\/wiki\/de:User:TSteg\">TSteg<\/a>, Lizenz: <a href=\"https:\/\/en.wikipedia.org\/wiki\/de:Creative_Commons\">Creative-Commons<\/a>-Lizenz <a href=\"https:\/\/creativecommons.org\/licenses\/by\/2.0\/deed.de\">\u201eNamensnennung 2.0 generisch\u201c<\/a><br>\u201eMoritz Eggert\u201c: <a href=\"https:\/\/de.wikipedia.org\/wiki\/Datei:Moritz_Eggert.jpg\">Quelle<\/a>, Autor: Susanne Diesner, Lizenz: <a href=\"https:\/\/en.wikipedia.org\/wiki\/de:Creative_Commons\">Creative-Commons<\/a>-Lizenz <a href=\"https:\/\/creativecommons.org\/licenses\/by-sa\/4.0\/deed.de\">\u201eNamensnennung \u2013 Weitergabe unter gleichen Bedingungen 4.0 international\u201c<\/a><br>\u201eMichael Kr\u00fcger\u201c: <a href=\"https:\/\/de.wikipedia.org\/wiki\/Datei:Michael_Kr%C3%BCger_Thomas-Mann-Preis_2017_8568.jpg\">Quelle<\/a>, Autor: <a href=\"https:\/\/commons.wikimedia.org\/wiki\/User:H-stt\">Henning Schlottmann (User:H-stt)<\/a>, Lizenz: <a href=\"https:\/\/en.wikipedia.org\/wiki\/de:Creative_Commons\">Creative-Commons<\/a>-Lizenz <a href=\"https:\/\/creativecommons.org\/licenses\/by-sa\/4.0\/deed.de\">\u201eNamensnennung \u2013 Weitergabe unter gleichen Bedingungen 4.0 international\u201c<\/a><br>\u201eM\u00fcnchner Residenz, Sitz der BADSK\u201c: <a href=\"https:\/\/de.wikipedia.org\/wiki\/Datei:M%C3%BCnchner_Residenz_2014-08-02_Pano.jpg\">Quelle<\/a>, Autor: <a href=\"https:\/\/commons.wikimedia.org\/wiki\/User:Wikiolo\">Wikiolo<\/a>, Lizenz: <a href=\"https:\/\/en.wikipedia.org\/wiki\/de:Creative_Commons\">Creative-Commons<\/a>-Lizenz <a href=\"https:\/\/creativecommons.org\/licenses\/by-sa\/4.0\/deed.de\">\u201eNamensnennung \u2013 Weitergabe unter gleichen Bedingungen 4.0 international\u201c<\/a><br>\u201eMusikhochschule M\u00fcnchen\u201c: <a href=\"https:\/\/de.wikipedia.org\/wiki\/Datei:M%C3%BCnchen_-_HS_f%C3%BCr_Musik_und_Theater.jpg\">Quelle<\/a>, Autor: <a href=\"https:\/\/de.wikipedia.org\/wiki\/User:Chumwa\">Maximilian D\u00f6rrbecker<\/a> (<a href=\"https:\/\/de.wikipedia.org\/wiki\/User:Chumwa\">Chumwa<\/a>), Lizenz: <a href=\"https:\/\/en.wikipedia.org\/wiki\/de:Creative_Commons\">Creative-Commons<\/a>-Lizenz <a href=\"https:\/\/creativecommons.org\/licenses\/by-sa\/2.5\/deed.de\">\u201eNamensnennung \u2013 Weitergabe unter gleichen Bedingungen 2.5 generisch\u201c<\/a><\/p>\n","protected":false},"excerpt":{"rendered":"<p>Eigentlich sollte an dieser Stelle ein Artikel \u00fcber eine mutige und starke Frau stehen. Vor ein paar Wochen haben wir Maria Collien in Berlin getroffen. Ausf\u00fchrlich berichtete sie uns \u00fcber ihre Eindr\u00fccke aus den Mauser-Prozessen, schilderte uns die Begegnungen mit ihm und seine \u00dcbergriffe und erz\u00e4hlte aus ihrem bewegten Leben.<span class=\"excerpt-hellip\"> [\u2026]<\/span><\/p>\n","protected":false},"author":2,"featured_media":1284,"comment_status":"open","ping_status":"open","sticky":false,"template":"","format":"standard","meta":{"fifu_image_url":"","fifu_image_alt":"","footnotes":""},"categories":[417],"tags":[212,438,284,440,339,439,234,430,319,201,204,200],"class_list":["post-2338","post","type-post","status-publish","format-standard","has-post-thumbnail","hentry","category-metoo","tag-metoo","tag-alexander-stevens","tag-amelie-sandmann","tag-christine-schornsheim","tag-dieter-borchmeyer","tag-hans-magnus-enzensberger","tag-jan-philipp-moeller","tag-maria-collien","tag-michael-krueger","tag-musikhochschule-muenchen","tag-sexueller-missbrauch","tag-siegfried-mauser"],"_links":{"self":[{"href":"https:\/\/www.dasharfenduo.de\/wordpress\/wp-json\/wp\/v2\/posts\/2338","targetHints":{"allow":["GET"]}}],"collection":[{"href":"https:\/\/www.dasharfenduo.de\/wordpress\/wp-json\/wp\/v2\/posts"}],"about":[{"href":"https:\/\/www.dasharfenduo.de\/wordpress\/wp-json\/wp\/v2\/types\/post"}],"author":[{"embeddable":true,"href":"https:\/\/www.dasharfenduo.de\/wordpress\/wp-json\/wp\/v2\/users\/2"}],"replies":[{"embeddable":true,"href":"https:\/\/www.dasharfenduo.de\/wordpress\/wp-json\/wp\/v2\/comments?post=2338"}],"version-history":[{"count":25,"href":"https:\/\/www.dasharfenduo.de\/wordpress\/wp-json\/wp\/v2\/posts\/2338\/revisions"}],"predecessor-version":[{"id":2705,"href":"https:\/\/www.dasharfenduo.de\/wordpress\/wp-json\/wp\/v2\/posts\/2338\/revisions\/2705"}],"wp:featuredmedia":[{"embeddable":true,"href":"https:\/\/www.dasharfenduo.de\/wordpress\/wp-json\/wp\/v2\/media\/1284"}],"wp:attachment":[{"href":"https:\/\/www.dasharfenduo.de\/wordpress\/wp-json\/wp\/v2\/media?parent=2338"}],"wp:term":[{"taxonomy":"category","embeddable":true,"href":"https:\/\/www.dasharfenduo.de\/wordpress\/wp-json\/wp\/v2\/categories?post=2338"},{"taxonomy":"post_tag","embeddable":true,"href":"https:\/\/www.dasharfenduo.de\/wordpress\/wp-json\/wp\/v2\/tags?post=2338"}],"curies":[{"name":"wp","href":"https:\/\/api.w.org\/{rel}","templated":true}]}}