{"id":2420,"date":"2019-12-15T19:42:15","date_gmt":"2019-12-15T18:42:15","guid":{"rendered":"https:\/\/www.dasharfenduo.de\/wordpress\/?p=2420"},"modified":"2019-12-15T19:48:52","modified_gmt":"2019-12-15T18:48:52","slug":"adventsgruesse-vom-harfenduo-3-advent","status":"publish","type":"post","link":"https:\/\/www.dasharfenduo.de\/wordpress\/harfenduo\/unsere-musik\/adventsgruesse-vom-harfenduo-3-advent\/","title":{"rendered":"Adventsgr\u00fc\u00dfe vom Harfenduo \u2013 3. Advent"},"content":{"rendered":"\n<p>Zwar spielen wir nun zwei Saisons hintereinander Tango \u2013 aber zwischendurch g\u00f6nnen wir uns eine kleine weihnachtliche Pause. Am 26. Dezember werden wir in Weimar in der Jakobskirche ein Konzert spielen. \u00dcber die Adventszeit hinweg werden wir dieses Programm auf dem Blog vorstellen. So k\u00f6nnt Ihr Euch schon jetzt von uns in weihnachtliche Stimmung versetzen lassen! <\/p>\n\n\n\n<hr class=\"wp-block-separator\"\/>\n\n\n\n<!--more-->\n\n\n\n<p>Normalerweise versuchen wir ja eher, das traditionelle Bild von Engelchen an der Harfe aufzubrechen (siehe \u201e\u00c1ngel y Diablo\u201c&#8230;). Bei diesem Weihnachtskonzert dagegen wird es so richtig besinnlich: Mit zwei Pastoralen, also Hirtenmusiken, erinnern wir an die Weihnachtsgeschichte. Die beiden folgenden Werke stammen beide aus extrem ber\u00fchmten Zyklen und passen wunderbar zusammen.<\/p>\n\n\n\n<p>Der Komponist <a rel=\"noreferrer noopener\" aria-label=\"Arcangelo Corelli (\u00f6ffnet in neuem Tab)\" href=\"https:\/\/de.wikipedia.org\/wiki\/Arcangelo_Corelli\" target=\"_blank\">Arcangelo Corelli<\/a> (1653-1713) pr\u00e4gte seine Epoche ma\u00dfgeblich durch seine kammermusikalischen Werke f\u00fcr Streicher. Mit gr\u00f6\u00dfter Sorgfalt gab er seinen Werken den letzten Schliff, bevor er sie zum Druck freigab. Kurz vor der Ver\u00f6ffentlichung seines Opus 6 verstarb er. Die <em>12 Concerti grossi f\u00fcr Streicher und Basso continuo <\/em>geh\u00f6ren zu seinen bekanntesten Werken. Das Konzert Nr. 8 tr\u00e4gt den Zusatz \u201efatto per la notte di natale\u201c, also \u201ef\u00fcr Weihnachten komponiert\u201c. Die ruhige <em>Pastorale <\/em>bildet den Abschluss des Konzerts Nr. 8 und macht so deutlich, dass die Hirten an ihrem Ziel, der Krippe mit dem Jesuskind, angekommen sind.<\/p>\n\n\n\n<p>\u00dcber <a rel=\"noreferrer noopener\" aria-label=\"Georg Friedrich H\u00e4ndel (\u00f6ffnet in neuem Tab)\" href=\"https:\/\/de.wikipedia.org\/wiki\/Georg_Friedrich_H%C3%A4ndel\" target=\"_blank\">Georg Friedrich H\u00e4ndel<\/a> (1685-1759) und sein ber\u00fchmtes Oratorium \u201e<a rel=\"noreferrer noopener\" aria-label=\" (\u00f6ffnet in neuem Tab)\" href=\"https:\/\/de.wikipedia.org\/wiki\/Messiah\" target=\"_blank\">Der Messias<\/a>\u201c ist genug geschrieben worden. Wir spielen aus dem \u201eMessias\u201c \u00fcberraschenderweise NICHT das <em>Hallelujah<\/em>, sondern die zu Corelli passende <em>Pastoralsinfonie<\/em>.<br>Tats\u00e4chlich treffen sich die beiden nicht nur n\u00e4chste Woche in unserem Konzert, sondern sind sich auch zu Lebzeiten begegnet. H\u00e4ndel unternahm eine ausgedehnte Italienreise von 1706 bis 1710. In Rom arbeitete er eng mit Corelli zusammen, beispielsweise spielte dieser in Auff\u00fchrungen von H\u00e4ndels Werken mit. H\u00e4ndel komponierte auch eine Ouvert\u00fcre f\u00fcr Corelli.<br>Die fruchtbare gemeinsame Arbeit hinderte die beiden nicht an heftigen Meinungsverschiedenheiten: Einmal gerieten sie \u00fcber die Spielweise eines Rhythmus&#8216; so aneinander, dass H\u00e4ndel Corelli die Geige aus der Hand riss, um seine Vorstellung der Passage zu demonstrieren!<\/p>\n\n\n\n<p>Mit den beiden folgenden Videos wollen wir Euch schon einmal auf unser Konzert einstimmen. Manche kennen die Werke vielleicht schon gut \u2013 und wer noch nie den <em>Messias <\/em>geh\u00f6rt hat, der bekommt jetzt vielleicht Lust, das nachzuholen!<\/p>\n\n\n<div class=\"column one-second mobile-one\"><div class=\"mcb-column-inner\"><div class=\"responsive-video\"><iframe loading=\"lazy\" width=\"\" height=\"\" src=\"https:\/\/www.youtube-nocookie.com\/embed\/9ywBhi99Mxo\" frameborder=\"0\" allow=\"autoplay; encrypted-media\" allowfullscreen><\/iframe><\/div>Die Pastorale aus dem Weihnachtskonzert von Corelli Op. 6 Nr. 8<\/div><\/div>\n\n\n\n<div class=\"column one-second mobile-one\"><div class=\"mcb-column-inner\"><div class=\"responsive-video\"><iframe loading=\"lazy\" width=\"\" height=\"\" src=\"https:\/\/www.youtube-nocookie.com\/embed\/4d9Qnn25EK4\" frameborder=\"0\" allow=\"autoplay; encrypted-media\" allowfullscreen><\/iframe><\/div>Die Pastoralsinfonie aus dem Messias HWV 56<\/div><\/div>\n\n\n\n\n<h3 class=\"wp-block-heading\">Laura &amp; Daniel<\/h3>\n","protected":false},"excerpt":{"rendered":"<p>Zwar spielen wir nun zwei Saisons hintereinander Tango \u2013 aber zwischendurch g\u00f6nnen wir uns eine kleine weihnachtliche Pause. Am 26. Dezember werden wir in Weimar in der Jakobskirche ein Konzert spielen. \u00dcber die Adventszeit hinweg werden wir dieses Programm auf dem Blog vorstellen. So k\u00f6nnt Ihr Euch schon jetzt von<span class=\"excerpt-hellip\"> [\u2026]<\/span><\/p>\n","protected":false},"author":2,"featured_media":2384,"comment_status":"open","ping_status":"open","sticky":false,"template":"","format":"standard","meta":{"fifu_image_url":"","fifu_image_alt":"","footnotes":""},"categories":[412],"tags":[447,448,352,442,342],"class_list":["post-2420","post","type-post","status-publish","format-standard","has-post-thumbnail","hentry","category-unsere-musik","tag-corelli","tag-haendel","tag-harfenduo","tag-jakobskirche","tag-weihnachten"],"_links":{"self":[{"href":"https:\/\/www.dasharfenduo.de\/wordpress\/wp-json\/wp\/v2\/posts\/2420","targetHints":{"allow":["GET"]}}],"collection":[{"href":"https:\/\/www.dasharfenduo.de\/wordpress\/wp-json\/wp\/v2\/posts"}],"about":[{"href":"https:\/\/www.dasharfenduo.de\/wordpress\/wp-json\/wp\/v2\/types\/post"}],"author":[{"embeddable":true,"href":"https:\/\/www.dasharfenduo.de\/wordpress\/wp-json\/wp\/v2\/users\/2"}],"replies":[{"embeddable":true,"href":"https:\/\/www.dasharfenduo.de\/wordpress\/wp-json\/wp\/v2\/comments?post=2420"}],"version-history":[{"count":17,"href":"https:\/\/www.dasharfenduo.de\/wordpress\/wp-json\/wp\/v2\/posts\/2420\/revisions"}],"predecessor-version":[{"id":2444,"href":"https:\/\/www.dasharfenduo.de\/wordpress\/wp-json\/wp\/v2\/posts\/2420\/revisions\/2444"}],"wp:featuredmedia":[{"embeddable":true,"href":"https:\/\/www.dasharfenduo.de\/wordpress\/wp-json\/wp\/v2\/media\/2384"}],"wp:attachment":[{"href":"https:\/\/www.dasharfenduo.de\/wordpress\/wp-json\/wp\/v2\/media?parent=2420"}],"wp:term":[{"taxonomy":"category","embeddable":true,"href":"https:\/\/www.dasharfenduo.de\/wordpress\/wp-json\/wp\/v2\/categories?post=2420"},{"taxonomy":"post_tag","embeddable":true,"href":"https:\/\/www.dasharfenduo.de\/wordpress\/wp-json\/wp\/v2\/tags?post=2420"}],"curies":[{"name":"wp","href":"https:\/\/api.w.org\/{rel}","templated":true}]}}