{"id":2449,"date":"2019-12-22T10:27:51","date_gmt":"2019-12-22T09:27:51","guid":{"rendered":"https:\/\/www.dasharfenduo.de\/wordpress\/?p=2449"},"modified":"2019-12-22T10:31:00","modified_gmt":"2019-12-22T09:31:00","slug":"adventsgruesse-vom-harfenduo-4-advent-en","status":"publish","type":"post","link":"https:\/\/www.dasharfenduo.de\/wordpress\/harfenduo\/unsere-musik\/adventsgruesse-vom-harfenduo-4-advent-en\/","title":{"rendered":"Adventsgr\u00fc\u00dfe vom Harfenduo \u2013 4. Advent"},"content":{"rendered":"\n<p>Zwar spielen wir nun zwei Saisons hintereinander Tango \u2013 aber zwischendurch g\u00f6nnen wir uns eine kleine weihnachtliche Pause. Am 26. Dezember werden wir in Weimar in der Jakobskirche ein Konzert spielen. \u00dcber die Adventszeit hinweg werden wir dieses Programm auf dem Blog vorstellen. So k\u00f6nnt Ihr Euch schon jetzt von uns in weihnachtliche Stimmung versetzen lassen! <\/p>\n\n\n\n<hr class=\"wp-block-separator\"\/>\n\n\n\n<!--more-->\n\n\n\n<p>Wie immer in Weimar ist alles in dieser kleinen Stadt von der gro\u00dfen Weltgeschichte ber\u00fchrt. Die Jakobskirche ist eine eher kleine Kirche, kann jedoch auf eine illustre Vergangenheit zur\u00fcckblicken: Hier hat kein anderer als Johann Wolfgang von Goethe seine Christiane Vulpius geheiratet. Friedrich Schiller wurde hier nach seinem Tod beerdigt, auch wenn seine Gebeine sp\u00e4ter in die F\u00fcrstengruft \u00fcberf\u00fchrt wurden (<a rel=\"noreferrer noopener\" aria-label=\"Die Geschichte um Schillers Gebeine und seinen Sch\u00e4del ist kurios... (\u00f6ffnet in neuem Tab)\" href=\"https:\/\/www.zeit.de\/kultur\/literatur\/2009-11\/schiller-kopf\" target=\"_blank\">Die Geschichte um Schillers Gebeine und seinen Sch\u00e4del ist kurios&#8230;<\/a>). Die Kirche wurde unter Carl August von Sachsen-Weimar-Eisenach \u2013 dem F\u00fcrsten zu Goethes Zeit \u2013 zur Hofkirche, nachdem 1774 das Stadtschloss abgebrannt war. W\u00e4hrend der napoleonischen Besatzung diente die Jakobskirche als Lazarett, wobei die Bausubstanz einigen Schaden nahm. Und einer Legende nach soll Johann Sebastian Bach bei der Einweihung der Orgel 1721 dabei gewesen sein!<\/p>\n\n\n\n<p>Die Jakobskirche lohnt auf jeden Fall einen Besuch. 2007 wurde sie umfassend renoviert. Dabei kam eine Grabplatte aus dem 30-j\u00e4hrigen Krieg zum Vorschein, die jetzt durch ein Glasfenster im Fu\u00dfboden besichtigt werden kann. Auch der Turm ist sehenswert: Wer es schafft, an der Gl\u00f6cknerwohnung vorbei bis ganz nach oben zu klettern, wird mit einem sagenhaften Ausblick \u00fcber ganz Weimar belohnt.<\/p>\n\n\n<div class=\"column one-second mobile-one\"><div class=\"mcb-column-inner\"><div class=\"responsive-video\"><iframe loading=\"lazy\" width=\"\" height=\"\" src=\"https:\/\/www.youtube-nocookie.com\/embed\/jAKbUELe9EA\" frameborder=\"0\" allow=\"autoplay; encrypted-media\" allowfullscreen><\/iframe><\/div>Es gibt ALLES auf Youtube \u2013 auch das L\u00e4uten der Glocken der Jakobskirche!<\/div><\/div>\n\n\n\n\n<p>Heute wird die Jakobskirche von ihrer Gemeinde rege genutzt. Die gem\u00fctliche Kirche l\u00e4dt geradezu zum Verweilen ein. Nach jedem Gottesdienst trinkt die Gemeinde zusammen dort Kaffee. Regelm\u00e4\u00dfig finden Konzerte statt, unter anderem von den diversen Gemeindech\u00f6ren (Der Gospelchor <a rel=\"noreferrer noopener\" aria-label=\"\u201eDie Jakob Singers\u201c (\u00f6ffnet in neuem Tab)\" href=\"http:\/\/jakob-singers.de\/\" target=\"_blank\">\u201eDie Jakob Singers\u201c<\/a>, der <a href=\"https:\/\/www.ek-weimar.de\/gemeinde\/kirchenmusik.html\" target=\"_blank\" rel=\"noreferrer noopener\" aria-label=\"Liturgische Chor und der \u201e10-Uhr-Chor&quot; (\u00f6ffnet in neuem Tab)\">Liturgische Chor und der \u201e10-Uhr-Chor&#8220;<\/a> von Kantorin Anne Hoff).<\/p>\n\n\n\n<p>Wir freuen uns sehr auf unser Konzert in dieser sch\u00f6nen Kirche am 26. Dezember mit Werken von Praetorius, Corelli, H\u00e4ndel, Tschaikowski und anderen. Das Konzert beginnt um 17 Uhr, der Eintritt ist frei. <\/p>\n\n\n\n<h3 class=\"wp-block-heading\">Laura &amp; Daniel<\/h3>\n","protected":false},"excerpt":{"rendered":"<p>Zwar spielen wir nun zwei Saisons hintereinander Tango \u2013 aber zwischendurch g\u00f6nnen wir uns eine kleine weihnachtliche Pause. Am 26. Dezember werden wir in Weimar in der Jakobskirche ein Konzert spielen. \u00dcber die Adventszeit hinweg werden wir dieses Programm auf dem Blog vorstellen. So k\u00f6nnt Ihr Euch schon jetzt von<span class=\"excerpt-hellip\"> [\u2026]<\/span><\/p>\n","protected":false},"author":2,"featured_media":2384,"comment_status":"open","ping_status":"open","sticky":false,"template":"","format":"standard","meta":{"fifu_image_url":"","fifu_image_alt":"","footnotes":""},"categories":[412],"tags":[352,442,342],"class_list":["post-2449","post","type-post","status-publish","format-standard","has-post-thumbnail","hentry","category-unsere-musik","tag-harfenduo","tag-jakobskirche","tag-weihnachten"],"_links":{"self":[{"href":"https:\/\/www.dasharfenduo.de\/wordpress\/wp-json\/wp\/v2\/posts\/2449","targetHints":{"allow":["GET"]}}],"collection":[{"href":"https:\/\/www.dasharfenduo.de\/wordpress\/wp-json\/wp\/v2\/posts"}],"about":[{"href":"https:\/\/www.dasharfenduo.de\/wordpress\/wp-json\/wp\/v2\/types\/post"}],"author":[{"embeddable":true,"href":"https:\/\/www.dasharfenduo.de\/wordpress\/wp-json\/wp\/v2\/users\/2"}],"replies":[{"embeddable":true,"href":"https:\/\/www.dasharfenduo.de\/wordpress\/wp-json\/wp\/v2\/comments?post=2449"}],"version-history":[{"count":11,"href":"https:\/\/www.dasharfenduo.de\/wordpress\/wp-json\/wp\/v2\/posts\/2449\/revisions"}],"predecessor-version":[{"id":2462,"href":"https:\/\/www.dasharfenduo.de\/wordpress\/wp-json\/wp\/v2\/posts\/2449\/revisions\/2462"}],"wp:featuredmedia":[{"embeddable":true,"href":"https:\/\/www.dasharfenduo.de\/wordpress\/wp-json\/wp\/v2\/media\/2384"}],"wp:attachment":[{"href":"https:\/\/www.dasharfenduo.de\/wordpress\/wp-json\/wp\/v2\/media?parent=2449"}],"wp:term":[{"taxonomy":"category","embeddable":true,"href":"https:\/\/www.dasharfenduo.de\/wordpress\/wp-json\/wp\/v2\/categories?post=2449"},{"taxonomy":"post_tag","embeddable":true,"href":"https:\/\/www.dasharfenduo.de\/wordpress\/wp-json\/wp\/v2\/tags?post=2449"}],"curies":[{"name":"wp","href":"https:\/\/api.w.org\/{rel}","templated":true}]}}