{"id":2463,"date":"2019-12-27T14:48:15","date_gmt":"2019-12-27T13:48:15","guid":{"rendered":"https:\/\/www.dasharfenduo.de\/wordpress\/?p=2463"},"modified":"2020-01-10T15:37:37","modified_gmt":"2020-01-10T14:37:37","slug":"sylvestergruesse-vom-harfenduo","status":"publish","type":"post","link":"https:\/\/www.dasharfenduo.de\/wordpress\/harfenduo\/unsere-konzerte\/sylvestergruesse-vom-harfenduo\/","title":{"rendered":"Silvestergr\u00fc\u00dfe vom Harfenduo"},"content":{"rendered":"\n<div class=\"wp-block-image\"><figure class=\"alignright size-large is-resized\"><img loading=\"lazy\" decoding=\"async\" src=\"http:\/\/www.markus-fennert.de\/images\/fullscreen\/b041.jpg\" alt=\"\" width=\"250\" height=\"375\"\/><\/figure><\/div>\n\n\n\n<p>Gerade erst haben wir die Weihnachtstage und unser Konzert in der Jakobskirche gut \u00fcberstanden, da winkt schon das n\u00e4chste Ereignis: Zum Jahresausklang spielen wir in Coswig bei Dresden zu einer Lesung des Schauspielers Markus Fennert.<\/p>\n\n\n\n<!--more-->\n\n\n\n<p>Markus Fennert haben wir im Rahmen dieses gemeinsamen Projekts kennengelernt. Ob als Schauspieler im Theater oder vor der Kamera, als Regisseur oder als P\u00e4dagoge \u2013 alles scheint er zu k\u00f6nnen. Was f\u00fcr uns nun besonders interessant ist: er hat eine fantastische Stimme! Deshalb ist er ein gefragter Sprecher f\u00fcr H\u00f6rb\u00fccher und Lesungen.<\/p>\n\n\n\n<p>In der Villa Teresa in Coswig findet nun die <a href=\"https:\/\/www.villa-teresa.de\/veranstaltungen\/in-der-villa-teresa?timer=12-2019\">Veranstaltung \u201eMarkus Fennert &amp; Das Harfenduo <\/a>statt. Wir kombinieren Musik aus Tschaikowskis \u201eNussknacker\u201c mit den teuflischeren Aspekten aus unserem Tangoprogramm \u201e\u00c1ngel y Diablo\u201c. Eine spannende Mischung, das k\u00f6nnen wir versprechen! <br>Dazu liest Markus Fennert Texte rund um das Thema Silvester. Darunter ist Komisches wie Nachdenkliches von Autoren wie z.B. Loriot, Kurt Tucholsky oder Martin Mosebach.<br> Auf seiner <a rel=\"noreferrer noopener\" href=\"http:\/\/www.markus-fennert.de\/\" target=\"_blank\">Homepage<\/a>  k\u00f6nnt Ihr Euch auch einen Eindruck von ihm verschaffen. Besonders  empfehlenswert zur Einstimmung ist der kurze Film in der Kategorie  \u201eH\u00f6ren &amp; Sehen\u201c \u00fcber seine Weihnachtslesung \u201eWunderwei\u00dfe Weihnacht\u201c  mit dem \u201eAlliage Quintett\u201c.<br>Wir  durften Markus Fennert und seine Literaturauswahl bereits in der Probe  erleben. Wir waren begeistert von seiner Lesung und freuen uns auf unser Silvester mit ihm! <\/p>\n\n\n\n<h3 class=\"wp-block-heading\">Laura &amp; Daniel<\/h3>\n\n\n\n<hr class=\"wp-block-separator\"\/>\n\n\n\n<p>Bildquellen:<br>\u201eFeuerwerk im Rahmen der Ignis Brunensis Woche in der Stadt Brno. Talsperre am Fluss Svratka in Brno (2014)\u201c <a rel=\"noreferrer noopener\" aria-label=\" (\u00f6ffnet in neuem Tab)\" href=\"https:\/\/commons.wikimedia.org\/wiki\/File:Feuerwerk_Ignis_Brunensis.jpg\" target=\"_blank\">Quelle<\/a>, Autor:  <a href=\"https:\/\/commons.wikimedia.org\/wiki\/User:BohunkaNika\" target=\"_blank\" rel=\"noreferrer noopener\" aria-label=\" (\u00f6ffnet in neuem Tab)\">BohunkaNika<\/a>, Lizenz:  <a href=\"https:\/\/en.wikipedia.org\/wiki\/en:Creative_Commons\" target=\"_blank\" rel=\"noreferrer noopener\" aria-label=\" (\u00f6ffnet in neuem Tab)\">Creative Commons<\/a>-Lizenz<a href=\"https:\/\/creativecommons.org\/licenses\/by-sa\/4.0\/deed.en\" target=\"_blank\" rel=\"noreferrer noopener\" aria-label=\" (\u00f6ffnet in neuem Tab)\"> \u201eAttribution-Share Alike 4.0 International\u201c<\/a> <br>\u201ePortrait Markus Fennert&#8220;: <a rel=\"noreferrer noopener\" aria-label=\" (\u00f6ffnet in neuem Tab)\" href=\"http:\/\/www.markus-fennert.de\/\" target=\"_blank\">Quelle<\/a>, Autor: Christian Kern (2015), Bildrechte: Markus Fennert<\/p>\n","protected":false},"excerpt":{"rendered":"<p>Gerade erst haben wir die Weihnachtstage und unser Konzert in der Jakobskirche gut \u00fcberstanden, da winkt schon das n\u00e4chste Ereignis: Zum Jahresausklang spielen wir in Coswig bei Dresden zu einer Lesung des Schauspielers Markus Fennert.<\/p>\n","protected":false},"author":2,"featured_media":2464,"comment_status":"open","ping_status":"open","sticky":false,"template":"","format":"standard","meta":{"fifu_image_url":"","fifu_image_alt":"","footnotes":""},"categories":[59],"tags":[341,452,352,453,449,444],"class_list":["post-2463","post","type-post","status-publish","format-standard","has-post-thumbnail","hentry","category-unsere-konzerte","tag-angel-y-diablo","tag-coswig","tag-harfenduo","tag-lesung","tag-markus-fennert","tag-nussknacker"],"_links":{"self":[{"href":"https:\/\/www.dasharfenduo.de\/wordpress\/wp-json\/wp\/v2\/posts\/2463","targetHints":{"allow":["GET"]}}],"collection":[{"href":"https:\/\/www.dasharfenduo.de\/wordpress\/wp-json\/wp\/v2\/posts"}],"about":[{"href":"https:\/\/www.dasharfenduo.de\/wordpress\/wp-json\/wp\/v2\/types\/post"}],"author":[{"embeddable":true,"href":"https:\/\/www.dasharfenduo.de\/wordpress\/wp-json\/wp\/v2\/users\/2"}],"replies":[{"embeddable":true,"href":"https:\/\/www.dasharfenduo.de\/wordpress\/wp-json\/wp\/v2\/comments?post=2463"}],"version-history":[{"count":24,"href":"https:\/\/www.dasharfenduo.de\/wordpress\/wp-json\/wp\/v2\/posts\/2463\/revisions"}],"predecessor-version":[{"id":2499,"href":"https:\/\/www.dasharfenduo.de\/wordpress\/wp-json\/wp\/v2\/posts\/2463\/revisions\/2499"}],"wp:featuredmedia":[{"embeddable":true,"href":"https:\/\/www.dasharfenduo.de\/wordpress\/wp-json\/wp\/v2\/media\/2464"}],"wp:attachment":[{"href":"https:\/\/www.dasharfenduo.de\/wordpress\/wp-json\/wp\/v2\/media?parent=2463"}],"wp:term":[{"taxonomy":"category","embeddable":true,"href":"https:\/\/www.dasharfenduo.de\/wordpress\/wp-json\/wp\/v2\/categories?post=2463"},{"taxonomy":"post_tag","embeddable":true,"href":"https:\/\/www.dasharfenduo.de\/wordpress\/wp-json\/wp\/v2\/tags?post=2463"}],"curies":[{"name":"wp","href":"https:\/\/api.w.org\/{rel}","templated":true}]}}