{"id":2549,"date":"2020-02-04T15:16:49","date_gmt":"2020-02-04T14:16:49","guid":{"rendered":"https:\/\/www.dasharfenduo.de\/wordpress\/?p=2549"},"modified":"2020-02-04T15:16:49","modified_gmt":"2020-02-04T14:16:49","slug":"metoo-news-januar-2020","status":"publish","type":"post","link":"https:\/\/www.dasharfenduo.de\/wordpress\/musik-und-gesellschaft\/metoo\/metoo-news-januar-2020\/","title":{"rendered":"#metoo-News Januar 2020"},"content":{"rendered":"\n<p>Zu Beginn der Prozesse bat Siegfried Mauser, man m\u00f6ge ihn bitte nicht zum \u201e<a href=\"https:\/\/www.sueddeutsche.de\/muenchen\/prozess-vielleicht-mieten-alle-zeugen-gleich-einen-bus-um-zu-gericht-zu-fahren-1.3845339\" target=\"_blank\" rel=\"noreferrer noopener\" aria-label=\" (\u00f6ffnet in neuem Tab)\">Harvey Weinstein der Musikszene<\/a>\u201c machen. Heute, Anfang 2020, sind die Mauser-Prozesse abgeschlossen, w\u00e4hrend der Weinstein-Prozess grade erst begonnen hat. Die Geschichten der Frauen, die vor etwa drei Jahren den amerikanischen Filmproduzenten schwerer Sexualstraftaten bezichtigt hatten, hatten eine weltweite Solidarit\u00e4tswelle ausgel\u00f6st. Unter dem Hashtag #metoo erz\u00e4hlten zahllose Frauen (und auch einige M\u00e4nner und Transgender) von \u00e4hnlichen Erlebnissen. In der Folge wurden viele F\u00e4lle von sexuellem Missbrauch \u00f6ffentlich, die auch einige prominente Pers\u00f6nlichkeiten die Karriere kosteten. Juristisch belangt wurden allerdings wenige: Entweder waren die Taten bereits verj\u00e4hrt oder die Opfer scheuten einen kraftraubenden und langwierigen Gerichtsprozess.<\/p>\n\n\n\n<!--more-->\n\n\n\n<p>Trotzdem sind wir der Meinung, dass die\n#metoo-Bewegung viel Positives bewirkt hat und noch bewirken wird:\nViele Frauen haben durch ihren Mut deutlich gemacht, dass der\n\u201enormale\u201c Umgangston mit ihnen viel zu oft von Respektlosigkeit\nund Macho-Gehabe gepr\u00e4gt ist; die Gesellschaft wurde daf\u00fcr\nsensibilisiert, dass Frauen eben kein \u201eFreiwild\u201c sind. Dar\u00fcber\nhinaus wurde klar, dass viele Institutionen nicht \u00fcber ausreichende\nMechanismen verf\u00fcgen, die Macht- und damit oft sexuellen Missbrauch\nverhindern oder aufdecken k\u00f6nnten.<\/p>\n\n\n\n<h3 class=\"wp-block-heading\">Beginn des Prozesses gegen\nHarvey Weinstein<\/h3>\n\n\n\n<div class=\"wp-block-image\"><figure class=\"alignleft size-large is-resized\"><img loading=\"lazy\" decoding=\"async\" src=\"https:\/\/upload.wikimedia.org\/wikipedia\/commons\/7\/71\/Harvey_Weinstein_2011_Shankbone.JPG\" alt=\"\" width=\"193\" height=\"260\"\/><figcaption>Harvey Weinstein (2011)<\/figcaption><\/figure><\/div>\n\n\n\n<p>Im Januar 2020 hat in New York der\nProzess gegen Harvey Weinstein begonnen. Das amerikanische\nRechtssystem unterscheidet sich zwar grundlegend vom deutschen, doch\nsind die Parallelen zum Fall Mauser auff\u00e4llig. Auch Weinstein setzt\nauf eine konfrontative Verteidigung, streitet alle Vorw\u00fcrfe ab und\nnutzt ganz offen das sogenannte <em>victim blaming<\/em>. Bei dieser\nVerteidigungsstrategie wird versucht, dem Opfer des \u00dcbergriffs die\nSchuld zuzuschieben. Dazu werden gerne Argumente genutzt, die\neigentlich sowohl von Psychologen schon l\u00e4ngst widerlegt wurden, als\nauch mit ein wenig Menschenkenntnis und Sachverstand zu durchschauen\nsind. Warum suchte das Opfer auch nach der mutma\u00dflichen Tat noch\nKontakt zum T\u00e4ter? Warum hatte sie auch einvernehmlichen Sex mit\nihm? Warum wehrte sie sich nicht? Und nat\u00fcrlich der Klassiker: Warum\nkleidete sie sich so sexy, wenn sie keinen Sex wollte?<\/p>\n\n\n\n<p>Auf \u00e4hnliche Argumente griffen Siegfried Mausers Anw\u00e4lte zur\u00fcck. Sie versuchten allerdings \u2013 vergeblich \u2013 Berufs-RichterInnen zu \u00fcberzeugen, was ungleich schwerer gewesen sein d\u00fcrfte, als zw\u00f6lf Geschworene, die nicht Jura studiert haben. In amerikanischen Gerichtsprozessen geht es daher oft nicht so sehr um Fakten und Details, sondern darum, wer vor Gericht die bessere Figur abgibt. Hier sei an den ber\u00fchmten <a href=\"https:\/\/de.wikipedia.org\/wiki\/Strafprozess_gegen_O._J._Simpson\" target=\"_blank\" rel=\"noreferrer noopener\" aria-label=\" (\u00f6ffnet in neuem Tab)\">Mordprozess gegen O.J. Simpson<\/a> Anfang der 90er-Jahre erinnert, bei dem die Anprobe eines Handschuhs, der dem Angeklagten offensichtlich zu klein war, mehr Eindruck auf die Jury machte, als unz\u00e4hlige belastende Indizien. Simpson wurde damals im Strafprozess freigesprochen \u2013 nicht so allerdings im Zivilprozess! \u2013, was heute vielen als Justizfehler gilt. Auch der Ausgang des Weinstein-Prozesses ist daher v\u00f6llig offen.<\/p>\n\n\n\n<p>Unabh\u00e4ngig vom Urteil zeigt der Fall\nWeinstein ein Problem auf, das in vielen Bereichen der Gesellschaft\nexistiert: In Abh\u00e4ngigkeitsverh\u00e4ltnissen kommt es leicht zu\nMachtmissbrauch; die T\u00e4terInnen haben kaum Konsequenzen zu\nbef\u00fcrchten, w\u00e4hrend die Opfer nur geringe Chancen haben, f\u00fcr\nerlittenes Unrecht Anerkennung oder gar Gerechtigkeit zu erfahren.\nManche Institutionen haben dies bereits erkannt und wie die\nMusikhochschule M\u00fcnchen erste Schritte eingeleitet, die Abhilfe\nschaffen sollen. Doch diese Entwicklung steht erst ganz am Anfang und\nwird eine gro\u00dfe gesellschaftliche Aufgabe f\u00fcr die Zukunft bleiben.\nJeder und jede Einzelne sollte sich \u00fcberlegen, was er oder sie dazu\nbeitragen kann.<\/p>\n\n\n\n<p class=\"has-small-font-size\">Berichterstattung in der S\u00fcddeutschen Zeitung \u00fcber den Weinstein-Prozess:<br><a rel=\"noreferrer noopener\" aria-label=\" (\u00f6ffnet in neuem Tab)\" href=\"https:\/\/www.sueddeutsche.de\/panorama\/weinstein-prozess-vergewaltigung-metoo-jessica-mann-1.4780804\" target=\"_blank\">Zwischen Mitleid und Erniedrigung (01.02.2020)<\/a><br><a rel=\"noreferrer noopener\" aria-label=\" (\u00f6ffnet in neuem Tab)\" href=\"https:\/\/www.sueddeutsche.de\/panorama\/weinstein-elizabeth-entin-1.4776007\" target=\"_blank\">\u201eIch bin davon ausgegangen, dass sich ein \u00e4lterer Mann kontrollieren kann\u201c (28.01.2020)<\/a><br><a rel=\"noreferrer noopener\" aria-label=\" (\u00f6ffnet in neuem Tab)\" href=\"https:\/\/www.sueddeutsche.de\/panorama\/weinstein-prozess-vergewaltigung-metoo-1.4774587\" target=\"_blank\">Eine Zeugin, die am liebsten verschwinden w\u00fcrde (27.01.2020)<\/a><br><a rel=\"noreferrer noopener\" aria-label=\" (\u00f6ffnet in neuem Tab)\" href=\"https:\/\/www.sueddeutsche.de\/panorama\/weinstein-prozess-zeugin-1.4769916\" target=\"_blank\">Der Mann, der an die T\u00fcr klopfte (23.01.2020)<\/a><br><a href=\"https:\/\/www.sueddeutsche.de\/panorama\/weinstein-prozess-donna-rotunno-1.4765537\" target=\"_blank\" rel=\"noreferrer noopener\" aria-label=\" (\u00f6ffnet in neuem Tab)\">Die Antiheldin im Weinstein-Prozess (22.01.2020)<\/a><\/p>\n\n\n\n<h3 class=\"wp-block-heading\">Offener Brief an die Festspiele Erl<\/h3>\n\n\n\n<p>Bereits im November 2019 ver\u00f6ffentlichte <a rel=\"noreferrer noopener\" aria-label=\"art but fair  (\u00f6ffnet in neuem Tab)\" href=\"https:\/\/artbutfair.org\/\" target=\"_blank\">art but fair<\/a> einen offenen Brief an den Stiftungsvorstand der Tiroler Festspiele Erl, in dem sie den Umgang mit den Missbrauchsvorw\u00fcrfen gegen den langj\u00e4hrigen k\u00fcnstlerischen Leiter Gustav Kuhn scharf kritisierte. <a rel=\"noreferrer noopener\" aria-label=\"Auch wir hatten auf unserem Blog dar\u00fcber berichtet (\u00f6ffnet in neuem Tab)\" href=\"https:\/\/www.dasharfenduo.de\/wordpress\/musik-und-gesellschaft\/metoo\/missbrauchsvorwuerfe-bei-den-tiroler-festspielen\/\" target=\"_blank\">Auch wir hatten auf unserem Blog \u00fcber den Fall berichtet<\/a>. Der Brief ist eine Reaktion auf die <a rel=\"noreferrer noopener\" aria-label=\"Pressemitteilung des Stiftungsvorstandes vom 15.11.2019 (\u00f6ffnet in neuem Tab)\" href=\"https:\/\/www.presseportal.de\/pm\/129870\/4441209\" target=\"_blank\">Pressemitteilung des Stiftungsvorstandes vom 15.11.2019<\/a>, in dem unter anderem erkl\u00e4rt wurde, der Vorstand habe \u201eumgehend auf eine l\u00fcckenlose Aufkl\u00e4rung hingearbeitet.\u201c art but fair widerspricht dem heftig: <\/p>\n\n\n\n<p>\u201eSchon der erste Satz Ihrer Pressemitteilung vom 15.11.2019 ist eine Verh\u00f6hnung nicht nur der Wahrheit, sondern der betroffenen Damen und Herren, die jahrelang unter Herrn Kuhn und seinem Team in Erl leiden mussten. [&#8230;] Sie, werte Dame und werte Herren haben weder \u00bbwesentliche Schritte gesetzt\u00ab noch haben Sie Ihre \u00bbVerantwortung sehr ernst genommen\u00ab. Sie haben mit Nichten \u00bbunmittelbar reagiert\u00ab. Im Gegenteil: Sie haben investigativen Journalismus gerichtlich bek\u00e4mpft und auf die Anzeige von art but fair international abgestritten, verschleiert und unendlich verz\u00f6gert! Keine der im Raum stehenden Anschuldigungen haben Sie ernst genommen und Sie haben alles daf\u00fcr getan, die Glaubw\u00fcrdigkeit der Betroffenen zu besch\u00e4digen.\u201c<\/p>\n\n\n\n<p>Wir haben den gesamten Brief unten abgedruckt. Auch dieser Fall ist ein Paradebeispiel daf\u00fcr, wie durch einseitige Machtverh\u00e4ltnisse in Institutionen Missbrauch T\u00fcr und Tor ge\u00f6ffnet wird, und wie schwer sich diese Institutionen mit der Aufkl\u00e4rung tun. Wir w\u00fcnschen den Opfern auch hier, dass sie irgendwann Gerechtigkeit erfahren und die Verantwortlichen zur Rechenschaft gezogen werden.<\/p>\n\n\n\n<p><div class=\"column one-third mobile-one\"><div class=\"mcb-column-inner\"><div class=\"image_frame image_item scale-with-grid element_classes alignnone no_border mfn-img-box\"  role=\"link\" aria-label=\"Image with links\" tabindex=\"0\"><div class=\"image_wrapper\"><a href=\"https:\/\/www.dasharfenduo.de\/wordpress\/wp-content\/uploads\/2020\/02\/Offener-Brief-Stiftungsvorstand-Erl-2019-11-24-1.jpg\"  target=\"_blank\"  class=\"\"  tabindex=\"-1\" title=\"\"><div class=\"mask\"><\/div><img loading=\"lazy\" decoding=\"async\" width=\"1654\" height=\"2339\" src=\"https:\/\/www.dasharfenduo.de\/wordpress\/wp-content\/uploads\/2020\/02\/Offener-Brief-Stiftungsvorstand-Erl-2019-11-24-1.jpg\" class=\"scale-with-grid\" alt=\"\" style=\"\" srcset=\"https:\/\/www.dasharfenduo.de\/wordpress\/wp-content\/uploads\/2020\/02\/Offener-Brief-Stiftungsvorstand-Erl-2019-11-24-1.jpg 1654w, https:\/\/www.dasharfenduo.de\/wordpress\/wp-content\/uploads\/2020\/02\/Offener-Brief-Stiftungsvorstand-Erl-2019-11-24-1-212x300.jpg 212w, https:\/\/www.dasharfenduo.de\/wordpress\/wp-content\/uploads\/2020\/02\/Offener-Brief-Stiftungsvorstand-Erl-2019-11-24-1-724x1024.jpg 724w, https:\/\/www.dasharfenduo.de\/wordpress\/wp-content\/uploads\/2020\/02\/Offener-Brief-Stiftungsvorstand-Erl-2019-11-24-1-768x1086.jpg 768w, https:\/\/www.dasharfenduo.de\/wordpress\/wp-content\/uploads\/2020\/02\/Offener-Brief-Stiftungsvorstand-Erl-2019-11-24-1-600x848.jpg 600w, https:\/\/www.dasharfenduo.de\/wordpress\/wp-content\/uploads\/2020\/02\/Offener-Brief-Stiftungsvorstand-Erl-2019-11-24-1-1086x1536.jpg 1086w, https:\/\/www.dasharfenduo.de\/wordpress\/wp-content\/uploads\/2020\/02\/Offener-Brief-Stiftungsvorstand-Erl-2019-11-24-1-1448x2048.jpg 1448w, https:\/\/www.dasharfenduo.de\/wordpress\/wp-content\/uploads\/2020\/02\/Offener-Brief-Stiftungsvorstand-Erl-2019-11-24-1-103x146.jpg 103w, https:\/\/www.dasharfenduo.de\/wordpress\/wp-content\/uploads\/2020\/02\/Offener-Brief-Stiftungsvorstand-Erl-2019-11-24-1-35x50.jpg 35w, https:\/\/www.dasharfenduo.de\/wordpress\/wp-content\/uploads\/2020\/02\/Offener-Brief-Stiftungsvorstand-Erl-2019-11-24-1-53x75.jpg 53w\" sizes=\"auto, (max-width:767px) 700px, (max-width:1654px) 100vw, 1654px\" \/><\/a><div class=\"image_links\"><a href=\"https:\/\/www.dasharfenduo.de\/wordpress\/wp-content\/uploads\/2020\/02\/Offener-Brief-Stiftungsvorstand-Erl-2019-11-24-1.jpg\" class=\"zoom\" rel=\"prettyphoto\" tabindex=\"-1\" aria-label=\"zoom image\" title=\"\"><svg viewBox=\"0 0 26 26\"><defs><style>.path{fill:none;stroke:#333;stroke-miterlimit:10;stroke-width:1.5px;}<\/style><\/defs><circle cx=\"11.35\" cy=\"11.35\" r=\"6\" class=\"path\"\/><line x1=\"15.59\" y1=\"15.59\" x2=\"20.65\" y2=\"20.65\" class=\"path\"\/><\/svg><\/a><a href=\"https:\/\/www.dasharfenduo.de\/wordpress\/wp-content\/uploads\/2020\/02\/Offener-Brief-Stiftungsvorstand-Erl-2019-11-24-1.jpg\" class=\"link \"  target=\"_blank\"  tabindex=\"-1\" title=\"\"><svg viewBox=\"0 0 26 26\"><defs><style>.path{fill:none;stroke:#333;stroke-miterlimit:10;stroke-width:1.5px;}<\/style><\/defs><g><path d=\"M10.17,8.76l2.12-2.12a5,5,0,0,1,7.07,0h0a5,5,0,0,1,0,7.07l-2.12,2.12\" class=\"path\"><\/path><path d=\"M15.83,17.24l-2.12,2.12a5,5,0,0,1-7.07,0h0a5,5,0,0,1,0-7.07l2.12-2.12\" class=\"path\"><\/path><line x1=\"10.17\" y1=\"15.83\" x2=\"15.83\" y2=\"10.17\" class=\"path\"><\/line><\/g><\/svg><\/a><\/div><\/div><\/div>\n<\/div><\/div>\n<div class=\"column one-third mobile-one\"><div class=\"mcb-column-inner\"> <div class=\"image_frame image_item scale-with-grid element_classes alignnone no_border mfn-img-box\"  role=\"link\" aria-label=\"Image with links\" tabindex=\"0\"><div class=\"image_wrapper\"><a href=\"https:\/\/www.dasharfenduo.de\/wordpress\/wp-content\/uploads\/2020\/02\/Offener-Brief-Stiftungsvorstand-Erl-2019-11-24-2.jpg\"  target=\"_blank\"  class=\"\"  tabindex=\"-1\" title=\"\"><div class=\"mask\"><\/div><img loading=\"lazy\" decoding=\"async\" width=\"1654\" height=\"2339\" src=\"https:\/\/www.dasharfenduo.de\/wordpress\/wp-content\/uploads\/2020\/02\/Offener-Brief-Stiftungsvorstand-Erl-2019-11-24-2.jpg\" class=\"scale-with-grid\" alt=\"\" style=\"\" srcset=\"https:\/\/www.dasharfenduo.de\/wordpress\/wp-content\/uploads\/2020\/02\/Offener-Brief-Stiftungsvorstand-Erl-2019-11-24-2.jpg 1654w, https:\/\/www.dasharfenduo.de\/wordpress\/wp-content\/uploads\/2020\/02\/Offener-Brief-Stiftungsvorstand-Erl-2019-11-24-2-212x300.jpg 212w, https:\/\/www.dasharfenduo.de\/wordpress\/wp-content\/uploads\/2020\/02\/Offener-Brief-Stiftungsvorstand-Erl-2019-11-24-2-724x1024.jpg 724w, https:\/\/www.dasharfenduo.de\/wordpress\/wp-content\/uploads\/2020\/02\/Offener-Brief-Stiftungsvorstand-Erl-2019-11-24-2-768x1086.jpg 768w, https:\/\/www.dasharfenduo.de\/wordpress\/wp-content\/uploads\/2020\/02\/Offener-Brief-Stiftungsvorstand-Erl-2019-11-24-2-600x848.jpg 600w, https:\/\/www.dasharfenduo.de\/wordpress\/wp-content\/uploads\/2020\/02\/Offener-Brief-Stiftungsvorstand-Erl-2019-11-24-2-1086x1536.jpg 1086w, https:\/\/www.dasharfenduo.de\/wordpress\/wp-content\/uploads\/2020\/02\/Offener-Brief-Stiftungsvorstand-Erl-2019-11-24-2-1448x2048.jpg 1448w, https:\/\/www.dasharfenduo.de\/wordpress\/wp-content\/uploads\/2020\/02\/Offener-Brief-Stiftungsvorstand-Erl-2019-11-24-2-103x146.jpg 103w, https:\/\/www.dasharfenduo.de\/wordpress\/wp-content\/uploads\/2020\/02\/Offener-Brief-Stiftungsvorstand-Erl-2019-11-24-2-35x50.jpg 35w, https:\/\/www.dasharfenduo.de\/wordpress\/wp-content\/uploads\/2020\/02\/Offener-Brief-Stiftungsvorstand-Erl-2019-11-24-2-53x75.jpg 53w\" sizes=\"auto, (max-width:767px) 700px, (max-width:1654px) 100vw, 1654px\" \/><\/a><div class=\"image_links\"><a href=\"https:\/\/www.dasharfenduo.de\/wordpress\/wp-content\/uploads\/2020\/02\/Offener-Brief-Stiftungsvorstand-Erl-2019-11-24-2.jpg\" class=\"zoom\" rel=\"prettyphoto\" tabindex=\"-1\" aria-label=\"zoom image\" title=\"\"><svg viewBox=\"0 0 26 26\"><defs><style>.path{fill:none;stroke:#333;stroke-miterlimit:10;stroke-width:1.5px;}<\/style><\/defs><circle cx=\"11.35\" cy=\"11.35\" r=\"6\" class=\"path\"\/><line x1=\"15.59\" y1=\"15.59\" x2=\"20.65\" y2=\"20.65\" class=\"path\"\/><\/svg><\/a><a href=\"https:\/\/www.dasharfenduo.de\/wordpress\/wp-content\/uploads\/2020\/02\/Offener-Brief-Stiftungsvorstand-Erl-2019-11-24-2.jpg\" class=\"link \"  target=\"_blank\"  tabindex=\"-1\" title=\"\"><svg viewBox=\"0 0 26 26\"><defs><style>.path{fill:none;stroke:#333;stroke-miterlimit:10;stroke-width:1.5px;}<\/style><\/defs><g><path d=\"M10.17,8.76l2.12-2.12a5,5,0,0,1,7.07,0h0a5,5,0,0,1,0,7.07l-2.12,2.12\" class=\"path\"><\/path><path d=\"M15.83,17.24l-2.12,2.12a5,5,0,0,1-7.07,0h0a5,5,0,0,1,0-7.07l2.12-2.12\" class=\"path\"><\/path><line x1=\"10.17\" y1=\"15.83\" x2=\"15.83\" y2=\"10.17\" class=\"path\"><\/line><\/g><\/svg><\/a><\/div><\/div><\/div>\n<\/div><\/div>\n<div class=\"column one-third mobile-one\"><div class=\"mcb-column-inner\"> <div class=\"image_frame image_item scale-with-grid element_classes alignnone no_border mfn-img-box\"  role=\"link\" aria-label=\"Image with links\" tabindex=\"0\"><div class=\"image_wrapper\"><a href=\"https:\/\/www.dasharfenduo.de\/wordpress\/wp-content\/uploads\/2020\/02\/Offener-Brief-Stiftungsvorstand-Erl-2019-11-24-3.jpg\"  target=\"_blank\"  class=\"\"  tabindex=\"-1\" title=\"\"><div class=\"mask\"><\/div><img loading=\"lazy\" decoding=\"async\" width=\"1654\" height=\"2339\" src=\"https:\/\/www.dasharfenduo.de\/wordpress\/wp-content\/uploads\/2020\/02\/Offener-Brief-Stiftungsvorstand-Erl-2019-11-24-3.jpg\" class=\"scale-with-grid\" alt=\"\" style=\"\" srcset=\"https:\/\/www.dasharfenduo.de\/wordpress\/wp-content\/uploads\/2020\/02\/Offener-Brief-Stiftungsvorstand-Erl-2019-11-24-3.jpg 1654w, https:\/\/www.dasharfenduo.de\/wordpress\/wp-content\/uploads\/2020\/02\/Offener-Brief-Stiftungsvorstand-Erl-2019-11-24-3-212x300.jpg 212w, https:\/\/www.dasharfenduo.de\/wordpress\/wp-content\/uploads\/2020\/02\/Offener-Brief-Stiftungsvorstand-Erl-2019-11-24-3-724x1024.jpg 724w, https:\/\/www.dasharfenduo.de\/wordpress\/wp-content\/uploads\/2020\/02\/Offener-Brief-Stiftungsvorstand-Erl-2019-11-24-3-768x1086.jpg 768w, https:\/\/www.dasharfenduo.de\/wordpress\/wp-content\/uploads\/2020\/02\/Offener-Brief-Stiftungsvorstand-Erl-2019-11-24-3-600x848.jpg 600w, https:\/\/www.dasharfenduo.de\/wordpress\/wp-content\/uploads\/2020\/02\/Offener-Brief-Stiftungsvorstand-Erl-2019-11-24-3-1086x1536.jpg 1086w, https:\/\/www.dasharfenduo.de\/wordpress\/wp-content\/uploads\/2020\/02\/Offener-Brief-Stiftungsvorstand-Erl-2019-11-24-3-1448x2048.jpg 1448w, https:\/\/www.dasharfenduo.de\/wordpress\/wp-content\/uploads\/2020\/02\/Offener-Brief-Stiftungsvorstand-Erl-2019-11-24-3-103x146.jpg 103w, https:\/\/www.dasharfenduo.de\/wordpress\/wp-content\/uploads\/2020\/02\/Offener-Brief-Stiftungsvorstand-Erl-2019-11-24-3-35x50.jpg 35w, https:\/\/www.dasharfenduo.de\/wordpress\/wp-content\/uploads\/2020\/02\/Offener-Brief-Stiftungsvorstand-Erl-2019-11-24-3-53x75.jpg 53w\" sizes=\"auto, (max-width:767px) 700px, (max-width:1654px) 100vw, 1654px\" \/><\/a><div class=\"image_links\"><a href=\"https:\/\/www.dasharfenduo.de\/wordpress\/wp-content\/uploads\/2020\/02\/Offener-Brief-Stiftungsvorstand-Erl-2019-11-24-3.jpg\" class=\"zoom\" rel=\"prettyphoto\" tabindex=\"-1\" aria-label=\"zoom image\" title=\"\"><svg viewBox=\"0 0 26 26\"><defs><style>.path{fill:none;stroke:#333;stroke-miterlimit:10;stroke-width:1.5px;}<\/style><\/defs><circle cx=\"11.35\" cy=\"11.35\" r=\"6\" class=\"path\"\/><line x1=\"15.59\" y1=\"15.59\" x2=\"20.65\" y2=\"20.65\" class=\"path\"\/><\/svg><\/a><a href=\"https:\/\/www.dasharfenduo.de\/wordpress\/wp-content\/uploads\/2020\/02\/Offener-Brief-Stiftungsvorstand-Erl-2019-11-24-3.jpg\" class=\"link \"  target=\"_blank\"  tabindex=\"-1\" title=\"\"><svg viewBox=\"0 0 26 26\"><defs><style>.path{fill:none;stroke:#333;stroke-miterlimit:10;stroke-width:1.5px;}<\/style><\/defs><g><path d=\"M10.17,8.76l2.12-2.12a5,5,0,0,1,7.07,0h0a5,5,0,0,1,0,7.07l-2.12,2.12\" class=\"path\"><\/path><path d=\"M15.83,17.24l-2.12,2.12a5,5,0,0,1-7.07,0h0a5,5,0,0,1,0-7.07l2.12-2.12\" class=\"path\"><\/path><line x1=\"10.17\" y1=\"15.83\" x2=\"15.83\" y2=\"10.17\" class=\"path\"><\/line><\/g><\/svg><\/a><\/div><\/div><\/div>\n<\/div><\/div>\n <\/p>\n\n\n\n<h3 class=\"wp-block-heading\">Prozess gegen Hans-J\u00fcrgen\nvon Bose<\/h3>\n\n\n\n<div class=\"wp-block-image\"><figure class=\"alignright size-large is-resized\"><img loading=\"lazy\" decoding=\"async\" src=\"https:\/\/upload.wikimedia.org\/wikipedia\/commons\/6\/68\/Hans-J%C3%BCrgen_von_Bose.jpg\" alt=\"\" width=\"259\" height=\"194\"\/><figcaption>Hans-J\u00fcrgen von Bose (2005)<\/figcaption><\/figure><\/div>\n\n\n\n<p>Bei den ganzen Prozessen gegen\nSiegfried Mauser und seiner Dauerpr\u00e4senz in den Medien ist es etwas\nin den Hintergrund geraten, dass mit dem Komponisten Hans-J\u00fcrgen von\nBose auch noch einem zweiten ehemaligen Professor der Musikhochschule\nM\u00fcnchen Sexualstraftaten zur Last gelegt werden. Die Vorw\u00fcrfe\nwiegen bei ihm schwerer als bei Siegfried Mauser; es geht um\nVergewaltigung in mehreren F\u00e4llen. Der Prozess wird dieses Jahr\nstattfinden.<\/p>\n\n\n\n<p>Anders als Mauser verzichtete Bose\nbisher auf eine gro\u00df angelegte Medienkampagne und sprach nur ein\neinziges Mal mit dem SPIEGEL. Welche Verteidigungsstrategie er w\u00e4hlen\nwird, bleibt abzuwarten. Doch man kann vermuten, dass auch dieser\nProzess f\u00fcr die Opfer nicht leicht werden wird. Wir hoffen, dass er\nwenigstens auf solche Attacken auf die Opfer verzichtet, wie sie\nMausers Anw\u00e4lte get\u00e4tigt haben.<\/p>\n\n\n\n<p class=\"has-small-font-size\">Berichterstattung zum Fall Bose:<br><a href=\"https:\/\/www.deutschlandfunkkultur.de\/metoo-an-der-musikhochschule-muenchen-pornos-zum.1013.de.html?dram:article_id=417763\" target=\"_blank\" rel=\"noreferrer noopener\" aria-label=\" (\u00f6ffnet in neuem Tab)\">Pornos zum Lockerwerden<\/a> (Deutschlandfunk Kultur, 11.05.2018)<br><a href=\"https:\/\/www.spiegel.de\/spiegel\/sex-skandal-an-der-musikhochschule-muenchen-a-1207253.html\" target=\"_blank\" rel=\"noreferrer noopener\" aria-label=\" (\u00f6ffnet in neuem Tab)\">Sex im Pr\u00e4sidentenb\u00fcro<\/a> (SPIEGEL, 11.05.2018)<\/p>\n\n\n\n<h3 class=\"wp-block-heading\">Siegfried Mauser tritt\nHaftstrafe nicht an<\/h3>\n\n\n\n<p>Und zum Schluss noch die letzten\nNeuigkeiten zum Fall Mauser: Eigentlich h\u00e4tte er schon l\u00e4ngst seine\nHaftstrafe antreten m\u00fcssen, doch der ehemalige Pr\u00e4sident der HMT\nM\u00fcnchen und des Salzburger Mozarteums hat die in der ihm\nzugestellten Haftladung genannte Frist verstreichen lassen. Nach\nAussage seines Anwalts h\u00e4lt er sich an seinem Wohnsitz in \u00d6sterreich\nauf und habe die Haftladung nicht erhalten. Nun droht ihm ein\neurop\u00e4ischer Haftbefehl samt Auslieferungsantrag. Dies versucht\nMauser offenbar, mit juristischen Winkelz\u00fcgen zu verhindern: Seine\nAnw\u00e4lte haben wie angek\u00fcndigt Verfassungsbeschwerde eingelegt und\nfordern von der Staatsanwaltschaft M\u00fcnchen, sie m\u00f6ge den\nHaftantritt bis zur Entscheidung aufschieben.<\/p>\n\n\n\n<div class=\"wp-block-image\"><figure class=\"alignleft size-large is-resized\"><img loading=\"lazy\" decoding=\"async\" src=\"https:\/\/www.dasharfenduo.de\/wordpress\/wp-content\/uploads\/2020\/02\/avatar-1577909_1280-1024x1024.png\" alt=\"\" class=\"wp-image-2551\" width=\"176\" height=\"176\" srcset=\"https:\/\/www.dasharfenduo.de\/wordpress\/wp-content\/uploads\/2020\/02\/avatar-1577909_1280-1024x1024.png 1024w, https:\/\/www.dasharfenduo.de\/wordpress\/wp-content\/uploads\/2020\/02\/avatar-1577909_1280-300x300.png 300w, https:\/\/www.dasharfenduo.de\/wordpress\/wp-content\/uploads\/2020\/02\/avatar-1577909_1280-150x150.png 150w, https:\/\/www.dasharfenduo.de\/wordpress\/wp-content\/uploads\/2020\/02\/avatar-1577909_1280-768x768.png 768w, https:\/\/www.dasharfenduo.de\/wordpress\/wp-content\/uploads\/2020\/02\/avatar-1577909_1280-600x600.png 600w, https:\/\/www.dasharfenduo.de\/wordpress\/wp-content\/uploads\/2020\/02\/avatar-1577909_1280-146x146.png 146w, https:\/\/www.dasharfenduo.de\/wordpress\/wp-content\/uploads\/2020\/02\/avatar-1577909_1280-50x50.png 50w, https:\/\/www.dasharfenduo.de\/wordpress\/wp-content\/uploads\/2020\/02\/avatar-1577909_1280-75x75.png 75w, https:\/\/www.dasharfenduo.de\/wordpress\/wp-content\/uploads\/2020\/02\/avatar-1577909_1280-85x85.png 85w, https:\/\/www.dasharfenduo.de\/wordpress\/wp-content\/uploads\/2020\/02\/avatar-1577909_1280-80x80.png 80w, https:\/\/www.dasharfenduo.de\/wordpress\/wp-content\/uploads\/2020\/02\/avatar-1577909_1280-45x45.png 45w, https:\/\/www.dasharfenduo.de\/wordpress\/wp-content\/uploads\/2020\/02\/avatar-1577909_1280.png 1280w\" sizes=\"auto, (max-width:767px) 176px, 176px\" \/><figcaption> Das Bild von Siegfried Mauser wurde leider aufgrund einer mutma\u00dflichen Urheberrechtsverletzung auf Wikipedia <a rel=\"noreferrer noopener\" aria-label=\"gel\u00f6scht (\u00f6ffnet in neuem Tab)\" href=\"https:\/\/commons.wikimedia.org\/wiki\/File:Siegfried_Mauser_in_2014.jpg\" target=\"_blank\">gel\u00f6scht<\/a>.<\/figcaption><\/figure><\/div>\n\n\n\n<p>Die letzten Wochen lie\u00df Mauser aber\nnicht ungenutzt verstreichen und gab ein Interview in der WELT, in\ndem er erneut seine \u2013 mehrfach vor Gericht widerlegte \u2013 Version\nder Geschichte erz\u00e4hlte. Dabei spielte er wieder einmal die\nGeschehnisse herunter und verunglimpfte die Opfer. W\u00e4hrend er im\nInterview immer wieder von \u201edrei K\u00fcssen\u201c sprach, stuften die\nGerichte in Wahrheit seine Handlungen als sexuelle N\u00f6tigung ein. In\neinem weiteren Fall zweifelte das Gericht laut S\u00fcddeutscher Zeitung\n\u201ezwar nicht an der Vergewaltigung des Opfers, nach damaligem\nSexualstrafrecht allerdings h\u00e4tte sich die Frau zur Wehr setzen\nm\u00fcssen.\u201c Wir stehen mit einigen der Nebenkl\u00e4gerinnen in Kontakt\nund k\u00f6nnen versichern, dass solche Zeitungsartikel extrem belastend\nf\u00fcr sie sind. Warum die WELT und die Autorin des Artikels, Gisela\nFriedrichsen, sich f\u00fcr so eine Berichterstattung hergeben, ist f\u00fcr\nuns v\u00f6llig unverst\u00e4ndlich.<\/p>\n\n\n\n<p>Wir sind keine Juristen und k\u00f6nnen daher nicht abschlie\u00dfend bewerten, ob die Dinge bez\u00fcglich Haftladung und Verfassungsbeschwerde wirklich so liegen, wie von Mausers Anw\u00e4lten dargestellt. Nach unseren Recherchen hat eine Verfassungsbeschwerde nur eine statistische Erfolgsaussicht von 1-2 %, das Einlegen einer solchen bedeutet auch keinen Haftaufschub. Die Auslieferung Mausers d\u00fcrfte ebenfalls nur Formsache sein; bei einem europ\u00e4ischen Haftbefehl pr\u00fcft das Auslieferungsland die Verurteilung in der Regel nicht mehr extra. Mausers Anw\u00e4lte haben angek\u00fcndigt, den Haftaufschub notfalls beim Verfassungsgericht zu beantragen, vor den Europ\u00e4ischen Gerichtshof zu ziehen, eine Petition an den bayerischen Landtag zu richten und ein Gnadengesuch beim Justizministerium zu stellen.<\/p>\n\n\n\n<p>War Mausers Verteidigungsstrategie\nbisher wenigstens von einer klaren Linie gepr\u00e4gt, erscheinen uns\ndiese neuesten Eskapaden nur noch als trotzige Akte der Verzweiflung.\nRespekt vor dem Rechtsstaat, den er immer wieder betonte, k\u00f6nnen wir\nbei so einer \u201eFlucht\u201c ins Ausland beim besten Willen nicht mehr\nerkennen, geschweige denn Respekt vor den Opfern. Den Kredit, den er\nvielleicht bei manchen noch hatte, verspielt er unserer Meinung nach\nso vollends. Eine Wiederaufnahme seiner Karriere nach der Haftstrafe\nerscheint uns fast unm\u00f6glich. Doch das schlimmste ist, dass er auch\nseinen Opfern eine R\u00fcckkehr in ihr normales Leben verhindert, weil\nsie sich noch Jahre nach seinen Taten und Monate nach den\nUrteilsspr\u00fcchen immer wieder mit dem Erlebten und seiner Person\nauseinandersetzen m\u00fcssen. Im Sinne der mutigen Frauen, die es gewagt\nhaben, ihre Stimmen gegen Mauser zu erheben, w\u00fcnschen wir uns, dass\ndiese Posse endlich ein Ende nimmt und Mauser sich seiner Haftstrafe\nund damit auch seiner Verantwortung stellt.<\/p>\n\n\n\n<p class=\"has-small-font-size\">Berichterstattung zum Fall Mauser:<br><a href=\"https:\/\/www.sueddeutsche.de\/muenchen\/muenchen-siegfried-mauser-sexualstraftaeter-haftstrafe-1.4775290\" target=\"_blank\" rel=\"noreferrer noopener\" aria-label=\" (\u00f6ffnet in neuem Tab)\">Siegfried Mauser dr\u00fcckt sich vor Haftstrafe<\/a> (S\u00fcddeutsche Zeitung, 28.01.2020)<br><a href=\"https:\/\/www.welt.de\/vermischtes\/plus205002720\/Der-Fall-Mauser-Die-Frau-als-grenzdebiles-Dummchen.html\" target=\"_blank\" rel=\"noreferrer noopener\" aria-label=\" (\u00f6ffnet in neuem Tab)\">Die Frau als \u201egrenzdebiles Dummchen\u201c<\/a> (WELT, 14.01.2020)<br><a href=\"https:\/\/www.welt.de\/vermischtes\/plus204268090\/MeToo-Urteil-Siegfried-Mauser.html\" target=\"_blank\" rel=\"noreferrer noopener\" aria-label=\" (\u00f6ffnet in neuem Tab)\">\u201eDann werde ich halt daf\u00fcr b\u00fc\u00dfen\u201c<\/a> (WELT, 12.12.2019)<\/p>\n\n\n\n<h3 class=\"wp-block-heading\">Laura &amp; Daniel<\/h3>\n\n\n\n<p class=\"has-small-font-size\">Bildquellen:<br>\u201eHarvey Weinstein (2011)\u201c: <a href=\"https:\/\/commons.wikimedia.org\/wiki\/File:Harvey_Weinstein_2011_Shankbone.JPG\">Quelle<\/a>, Autor: <a href=\"https:\/\/en.wikipedia.org\/wiki\/David_Shankbone\">David Shankbone<\/a>, Lizenz:  <a href=\"https:\/\/en.wikipedia.org\/wiki\/en:Creative_Commons\">Creative Commons<\/a>-Lizenz <a href=\"https:\/\/creativecommons.org\/licenses\/by\/3.0\/deed.en\">Attribution 3.0 Unported<\/a> <br>\u201eHans-J\u00fcrgen von Bose (2005)\u201c: <a href=\"https:\/\/commons.wikimedia.org\/wiki\/File:Hans-J%C3%BCrgen_von_Bose.jpg\">Quelle<\/a>, Autor: <a href=\"https:\/\/de.wikipedia.org\/wiki\/Benutzer:Hasfurth\">Hasfurth<\/a>, Lizenz: <strong><a href=\"https:\/\/en.wikipedia.org\/wiki\/en:public_domain\">public domain<\/a><\/strong><\/p>\n","protected":false},"excerpt":{"rendered":"<p>Zu Beginn der Prozesse bat Siegfried Mauser, man m\u00f6ge ihn bitte nicht zum \u201eHarvey Weinstein der Musikszene\u201c machen. Heute, Anfang 2020, sind die Mauser-Prozesse abgeschlossen, w\u00e4hrend der Weinstein-Prozess grade erst begonnen hat. Die Geschichten der Frauen, die vor etwa drei Jahren den amerikanischen Filmproduzenten schwerer Sexualstraftaten bezichtigt hatten, hatten eine<span class=\"excerpt-hellip\"> [\u2026]<\/span><\/p>\n","protected":false},"author":2,"featured_media":989,"comment_status":"open","ping_status":"open","sticky":false,"template":"","format":"standard","meta":{"fifu_image_url":"","fifu_image_alt":"","footnotes":""},"categories":[417],"tags":[212,162,207,312,283,308,287,204,200,313,460,459],"class_list":["post-2549","post","type-post","status-publish","format-standard","has-post-thumbnail","hentry","category-metoo","tag-metoo","tag-art-but-fair","tag-der-spiegel","tag-gustav-kuhn","tag-hans-juergen-von-bose","tag-harvey-weinstein","tag-hmt-muenchen","tag-sexueller-missbrauch","tag-siegfried-mauser","tag-tiroler-festspiele-erl","tag-victim-blaming","tag-welt"],"_links":{"self":[{"href":"https:\/\/www.dasharfenduo.de\/wordpress\/wp-json\/wp\/v2\/posts\/2549","targetHints":{"allow":["GET"]}}],"collection":[{"href":"https:\/\/www.dasharfenduo.de\/wordpress\/wp-json\/wp\/v2\/posts"}],"about":[{"href":"https:\/\/www.dasharfenduo.de\/wordpress\/wp-json\/wp\/v2\/types\/post"}],"author":[{"embeddable":true,"href":"https:\/\/www.dasharfenduo.de\/wordpress\/wp-json\/wp\/v2\/users\/2"}],"replies":[{"embeddable":true,"href":"https:\/\/www.dasharfenduo.de\/wordpress\/wp-json\/wp\/v2\/comments?post=2549"}],"version-history":[{"count":11,"href":"https:\/\/www.dasharfenduo.de\/wordpress\/wp-json\/wp\/v2\/posts\/2549\/revisions"}],"predecessor-version":[{"id":2567,"href":"https:\/\/www.dasharfenduo.de\/wordpress\/wp-json\/wp\/v2\/posts\/2549\/revisions\/2567"}],"wp:featuredmedia":[{"embeddable":true,"href":"https:\/\/www.dasharfenduo.de\/wordpress\/wp-json\/wp\/v2\/media\/989"}],"wp:attachment":[{"href":"https:\/\/www.dasharfenduo.de\/wordpress\/wp-json\/wp\/v2\/media?parent=2549"}],"wp:term":[{"taxonomy":"category","embeddable":true,"href":"https:\/\/www.dasharfenduo.de\/wordpress\/wp-json\/wp\/v2\/categories?post=2549"},{"taxonomy":"post_tag","embeddable":true,"href":"https:\/\/www.dasharfenduo.de\/wordpress\/wp-json\/wp\/v2\/tags?post=2549"}],"curies":[{"name":"wp","href":"https:\/\/api.w.org\/{rel}","templated":true}]}}