{"id":2578,"date":"2020-02-28T14:20:48","date_gmt":"2020-02-28T13:20:48","guid":{"rendered":"https:\/\/www.dasharfenduo.de\/wordpress\/?p=2578"},"modified":"2020-03-04T11:54:17","modified_gmt":"2020-03-04T10:54:17","slug":"metoo-news-februar-2020","status":"publish","type":"post","link":"https:\/\/www.dasharfenduo.de\/wordpress\/musik-und-gesellschaft\/metoo\/metoo-news-februar-2020\/","title":{"rendered":"#metoo-News Februar 2020"},"content":{"rendered":"\n<p>Auch im Februar ist wieder einiges rund ums Thema #metoo passiert. In diesem Artikel berichten wir \u00fcber die neuesten Entwicklungen in den F\u00e4llen Harvey Weinstein, Pl\u00e1cido Domingo und Siegfried Mauser.<\/p>\n\n\n\n<!--more-->\n\n\n\n<h3 class=\"wp-block-heading\">Harvey\nWeinstein schuldig gesprochen<\/h3>\n\n\n\n<p>In New York wurde der Filmproduzent Harvey Weinstein wegen Vergewaltigung von einem Geschworenengericht schuldig gesprochen. Das Strafma\u00df wird am 11. M\u00e4rz verk\u00fcndet, Weinsteins Anw\u00e4lte haben bereits angek\u00fcndigt, gegen das Urteil Berufung einzulegen. Ein weiterer Prozess gegen Weinstein in Los Angeles steht noch aus, au\u00dferdem verhandeln Weinsteins Anw\u00e4lte mit weiteren mutma\u00dflichen Opfern \u00fcber zivilrechtliche Entsch\u00e4digungen.<\/p>\n\n\n\n<p>Die Vorw\u00fcrfe gegen\nWeinstein hatten vor etwa drei Jahren die #metoo-Debatte ausgel\u00f6st.\nZahlreiche prominente Schauspielerinnen, darunter Ashley Judd,\nAngelina Jolie und Uma Thurman hatten den einflussreichen Produzenten\ndamals sexueller \u00dcbergriffe beschuldigt. In der Folge meldeten sich\nunter dem Hashtag #metoo zahlreiche Frauen, die eigene Erlebnisse\npublik machten und damit verdeutlichten, wie verbreitet sexuelle\nBel\u00e4stigung, sexuelle \u00dcbergriffe und ganz allgemein die\nHerabw\u00fcrdigung von Frauen in unserer Gesellschaft sind.<\/p>\n\n\n\n<p>Viele betroffene Frauen\nfeierten den Schuldspruch als wichtigen Erfolg im Kampf gegen\nsexuelle Gewalt. Es wurde allerdings auch kritisiert, dass Weinstein\nnicht in allen Anklagepunkten schuldig gesprochen wurde. Gelobt wurde\nvor allem der Mut der Frauen, die ihre Stimme gegen Weinstein erhoben\nhatten und damit die #metoo-Bewegung ausgel\u00f6st hatten. Andere sahen\ndie Bedeutung der #metoo-Bewegung f\u00fcr die Gesellschaft als wichtiger\nan als die tats\u00e4chliche Verurteilung Weinsteins.<\/p>\n\n\n\n<p class=\"has-small-font-size\">Berichterstattung zum Fall Weinstein in der S\u00fcddeutschen Zeitung:<br><a href=\"https:\/\/www.sueddeutsche.de\/panorama\/prozesse-metoo-bewegung-feiert-weinstein-verurteilung-dpa.urn-newsml-dpa-com-20090101-200224-99-53095\" target=\"_blank\" rel=\"noreferrer noopener\" aria-label=\" (\u00f6ffnet in neuem Tab)\">MeToo-Bewegung feiert Weinstein-Verurteilung<\/a> (25.02.2020)<br><a href=\"https:\/\/www.sueddeutsche.de\/politik\/weinstein-urteil-und-vorurteil-1.4818686\" target=\"_blank\" rel=\"noreferrer noopener\" aria-label=\" (\u00f6ffnet in neuem Tab)\">Urteil und Vorurteil<\/a> (25.02.2020)<\/p>\n\n\n\n<h3 class=\"wp-block-heading\">Pl\u00e1cido\nDomingo entschuldigt sich<\/h3>\n\n\n\n<p>Neuigkeiten gibt es auch zum Fall Pl\u00e1cido Domingo. In unserem Beitrag \u201e<a href=\"https:\/\/www.dasharfenduo.de\/wordpress\/musik-und-gesellschaft\/metoo\/wie-wagen-sie-es-nur\/\" target=\"_blank\" rel=\"noreferrer noopener\" aria-label=\" (\u00f6ffnet in neuem Tab)\">Wie wagen sie es nur?<\/a>\u201c hatten wir bereits dar\u00fcber berichtet: Mehrere Frauen warfen dem gefeierten Operns\u00e4nger sexuelle \u00dcbergriffe vor, die teilweise schon Jahrzehnte zur\u00fcck liegen sollen. Domingo wies die Vorw\u00fcrfe zun\u00e4chst zur\u00fcck, gab aber an, dass heute andere Standards gelten w\u00fcrden als fr\u00fcher. In der Folge sagten einige Opernh\u00e4user in den USA Vorstellungen mit dem S\u00e4nger ab. Domingo beendete au\u00dferdem die Zusammenarbeit mit der Metropolitan Opera in New York. Bei den Salzburger Festspielen hingegen fand ein Auftritt statt, bei dem Domingo demonstrativ vom Publikum gefeiert wurde.<\/p>\n\n\n\n<p>Nun hat die\namerikanische Operngewerkschaft die Ergebnisse einer Untersuchung\npr\u00e4sentiert, laut derer sich Domingo \u201e20 Jahre lang\nsexueller \u00dcbergriffe schuldig gemacht und seine Macht ausgenutzt\u201c\nhabe. Domingo hat die Vorw\u00fcrfe daraufhin einger\u00e4umt und sich bei\nden Frauen entschuldigt. Er teilte mit: \u201eIch m\u00f6chte, dass Sie\nwissen, dass mir der Schmerz, den ich Ihnen zugef\u00fcgt habe, wirklich\nleid tut. [&#8230;] Ich \u00fcbernehme die volle Verantwortung f\u00fcr mein\nHandeln, und ich bin aus dieser Erfahrung gewachsen.\u201c<\/p>\n\n\n\n<p>Die Reaktionen auf diese Entwicklungen\nfallen h\u00f6chst unterschiedlich aus: Am\nZarzuela-Theater in Madrid wurden zwei Auftritte Domingos aus\n\u201eSolidarit\u00e4t mit den betroffenen Frauen\u201c abgesagt. An der\nHamburger Staatsoper zeigte man sich \u201eirritiert\u201c \u00fcber die\nEntwicklung. Man wolle zun\u00e4chst an den geplanten Auftritten\nfesthalten, sich aber auch mit anderen Institutionen austauschen. Die\nSalzburger Festspiele berufen sich auf \u201eunterschriebene Vertr\u00e4ge\u201c\nmit Domingo, wollen aber \u201eumfassende Informationen\u201c einholen. Die\nBayerische Staatsoper M\u00fcnchen sieht dagegen keinen Grund,\n\u201evertragsbr\u00fcchig\u201c zu werden, also die Auftritte Domingos\nabzusagen.<\/p>\n\n\n\n<p>Positiv am Fall Domingo\nist f\u00fcr uns, dass es offenbar auch m\u00f6glich ist, sexuelle \u00dcbergriffe\nfestzustellen, ohne durch alle juristische Instanzen zu gehen. Wir\nbegr\u00fc\u00dfen, dass Domingo sein Fehlverhalten zugibt und sich bei den\nbetroffenen Frauen entschuldigt. Man sollte nicht untersch\u00e4tzen, wie\nviel eine Entschuldigung einem Opfer bedeuten kann und wie viele\nFrauen umgekehrt vergeblich auf die Entschuldigung eines T\u00e4ters\nwarten. Gleichzeitig darf man nicht vergessen, dass Domingo zuerst\nalle Vorw\u00fcrfe abgestritten hatte und sich erst jetzt, wo der Bericht\nder amerikanischen Operngewerkschaft vorliegt, entschuldigt. Ob\ndieses Verhalten wirklich von Einsicht und Reue zeugt, scheint uns\nfraglich.<\/p>\n\n\n\n<p>Besch\u00e4mend ist f\u00fcr uns mal wieder das Verhalten einiger Opernh\u00e4user. Sich mit unterschriebenen Vertr\u00e4gen herauszureden, ist unserer Meinung nach blo\u00df eine faule Ausrede, um sich nicht inhaltlich zu den Vorw\u00fcrfen \u00e4u\u00dfern zu m\u00fcssen. Jeder vern\u00fcnftige Vertrag enth\u00e4lt im Allgemeinen eine K\u00fcndigungsklausel. Au\u00dferdem sind die Vorw\u00fcrfe gegen Domingo nicht erst seit gestern bekannt; eine anderweitige Planung, die auch nicht unbedingt in der Presse breitgetreten w\u00fcrde, w\u00e4re sicherlich in manchen F\u00e4llen m\u00f6glich gewesen. Wer allerdings an der Personalie Domingo festhielt, wusste genau, dass er Gefahr lief, in die Situation zu geraten, einen umstrittenen S\u00e4nger unter Vertrag zu haben. Hier wird die Chance verpasst, ein Zeichen gegen sexuelle Gewalt und Machtmissbrauch zu setzen. Und wieder einmal fallen M\u00fcnchen und Salzburg in diesem Zusammenhang negativ auf.<\/p>\n\n\n\n<hr class=\"wp-block-separator\"\/>\n\n\n\n<p><strong>Nachtrag: <\/strong>Mittlerweile hat Pl\u00e1cido Domingo seine Entschuldigung relativiert. \u201eIch wei\u00df, was ich nicht getan habe, und ich werde es wieder bestreiten\u201c, sagte er in einem neuen Statement. Er sei in seinem ersten Statement falsch verstanden worden. Wir fragen uns, wozu er sich dann \u00fcberhaupt entschuldigt hat, wenn er sich seiner Meinung nach gar nichts zu Schulden hat kommen lassen. Damit ist das, was wir weiter oben geschrieben haben, nat\u00fcrlich hinf\u00e4llig. Immerhin reagiert die M\u00fcnchner Politik auf die neuen Entwicklungen: Mitglieder verschiedener Parteien fordern, die Auftritte Domingos in M\u00fcnchen abzusagen.<\/p>\n\n\n\n<hr class=\"wp-block-separator\"\/>\n\n\n\n<p class=\"has-small-font-size\">Berichterstattung zum Fall Domingo:<br><a rel=\"noreferrer noopener\" href=\"https:\/\/www.br-klassik.de\/aktuell\/news-kritik\/placido-domingo-verlaesst-met-oper-vorwuerfe-belaestigung-100.html\" target=\"_blank\">Aus nach Vorw\u00fcrfen der sexuellen Bel\u00e4stigung<\/a> (BR-Klassik, 25.09.2019)<br><a rel=\"noreferrer noopener\" aria-label=\" (\u00f6ffnet in neuem Tab)\" href=\"https:\/\/www.sueddeutsche.de\/kultur\/domingo-metoo-oper-sexuelle-uebergriffe-1.4819838\" target=\"_blank\">Bericht st\u00fctzt Vorw\u00fcrfe gegen Pl\u00e1cido Domingo<\/a> (S\u00fcddeutsche Zeitung, 25.02.2020)<br><a rel=\"noreferrer noopener\" aria-label=\" (\u00f6ffnet in neuem Tab)\" href=\"https:\/\/www.sueddeutsche.de\/kultur\/musik-opernstar-placido-domingo-unter-druck-dpa.urn-newsml-dpa-com-20090101-200226-99-81321\" target=\"_blank\">Opernstar Pl\u00e1cido Domingo unter Druck<\/a> (S\u00fcddeutsche Zeitung, 26.02.2020)<br><a href=\"https:\/\/www.abendzeitung-muenchen.de\/inhalt.vorwurf-der-sexuellen-belaestigung-pl-cido-domingo-relativiert-seine-entschuldigung.8e919469-caef-422b-ac9e-90610f430225.html?fbclid=IwAR28zxL6e5vrkSGojSk16MoQOnM56HYsYUqcNb_xRDljt5xNMC-tW99Ekjs\">Pl\u00e1cido Domingo relativiert seine Entschuldigung<\/a> (Abendzeitung, 28.02.2020)<\/p>\n\n\n\n<h3 class=\"wp-block-heading\">Siegfried\nMauser will Haftstrafe in \u00d6sterreich antreten<\/h3>\n\n\n\n<p>Und zum Schluss noch der aktuelle Stand im Fall Mauser: Wie mehrere Medien \u00fcbereinstimmend berichten, hat der wegen sexueller N\u00f6tigung verurteilte ehemalige Pr\u00e4sident der HMT M\u00fcnchen einen Antrag gestellt, seine Haftstrafe in \u00d6sterreich anzutreten. Dies wurde von der Staatsanwaltschaft M\u00fcnchen best\u00e4tigt. Ob auch ein Europ\u00e4ischer Haftbefehl erlassen wurde, ist allerdings unklar. Laut <a href=\"https:\/\/de.wikipedia.org\/wiki\/Europ\u00e4ischer_Haftbefehl\" target=\"_blank\" rel=\"noreferrer noopener\" aria-label=\" (\u00f6ffnet in neuem Tab)\">Wikipedia-Artikel<\/a> m\u00fcsste mit so einem EU-Haftbefehl \u00d6sterreich als EU-Mitglied Mauser eigentlich ohne Pr\u00fcfung des Urteils nach Deutschland ausliefern, auch wenn Mauser die \u00f6sterreichische Staatsb\u00fcrgerschaft besitzt. \u00d6sterreich k\u00f6nnte zwar darauf bestehen, Mausers Haftstrafe selbst zu vollstrecken, allerdings stellt sich die Frage, welches Interesse \u00d6sterreich daran haben sollte. Ein Gef\u00e4ngnisaufenthalt ist immerhin mit einem hohen finanziellen Aufwand f\u00fcr den Staat verbunden.<\/p>\n\n\n\n<p>Ganz egal, wie es nun\ngenau weitergeht, gilt nach wie vor, was wir bereits in den\n#metoo-News Januar 2020 geschrieben haben: Diese juristischen\nWinkelz\u00fcge erscheinen uns als Verzweiflungsakte und sind f\u00fcr seine\nOpfer unertr\u00e4glich. Das Verhalten Mausers und seiner Anw\u00e4lte hat\nunserer Meinung nach auch nichts mehr mit der Wahrnehmung von\nB\u00fcrgerrechten zu tun; hier wird das Gesetz hingedreht, wie es eben\ngerade passt und der Rechtsstaat an der Nase herumgef\u00fchrt. Wir\nhoffen, dass die M\u00fcnchener Staatsanwaltschaft sich das nicht mehr\nl\u00e4nger bieten l\u00e4sst. Auch in \u00d6sterreich sollte man sich \u00fcberlegen,\nob man sich wirklich f\u00fcr Mausers Spielchen einspannen lassen m\u00f6chte.<\/p>\n\n\n\n<p class=\"has-small-font-size\">Berichterstattung zum Fall Mauser:<br><a href=\"https:\/\/www.sueddeutsche.de\/muenchen\/muenchen-mauser-musikhochschule-haft-oesterreich-1.4807140\" target=\"_blank\" rel=\"noreferrer noopener\" aria-label=\" (\u00f6ffnet in neuem Tab)\">Siegfried Mauser will Haft in \u00d6sterreich absitzen<\/a> (S\u00fcddeutsche Zeitung, 20.02.2020)<br><a href=\"https:\/\/www.br-klassik.de\/siegfried-mauser-haftstrafe-sexuelle-noetigung-gefaegnis-oesterreich-flucht-100.html\" target=\"_blank\" rel=\"noreferrer noopener\" aria-label=\" (\u00f6ffnet in neuem Tab)\">Gef\u00e4ngnisstrafe in \u00d6sterreich f\u00fcr Ex-Musikhochschulchef?<\/a> (BR-Klassik, 26.02.2020)<br><a href=\"https:\/\/www.bild.de\/regional\/muenchen\/muenchen-aktuell\/muenchen-haftbefehl-gegen-musikprofessor-mauser-69038312.bild.html\" target=\"_blank\" rel=\"noreferrer noopener\" aria-label=\" (\u00f6ffnet in neuem Tab)\">Haftbefehl gegen Musikprofessor Mauser<\/a> (BILD, 26.02.2020)<\/p>\n\n\n\n<h3 class=\"wp-block-heading\">Laura &amp;\nDaniel<\/h3>\n","protected":false},"excerpt":{"rendered":"<p>Auch im Februar ist wieder einiges rund ums Thema #metoo passiert. In diesem Artikel berichten wir \u00fcber die neuesten Entwicklungen in den F\u00e4llen Harvey Weinstein, Pl\u00e1cido Domingo und Siegfried Mauser.<\/p>\n","protected":false},"author":2,"featured_media":1284,"comment_status":"open","ping_status":"open","sticky":false,"template":"","format":"standard","meta":{"fifu_image_url":"","fifu_image_alt":"","footnotes":""},"categories":[417],"tags":[212,308,462,204,200],"class_list":["post-2578","post","type-post","status-publish","format-standard","has-post-thumbnail","hentry","category-metoo","tag-metoo","tag-harvey-weinstein","tag-placido-domingo","tag-sexueller-missbrauch","tag-siegfried-mauser"],"_links":{"self":[{"href":"https:\/\/www.dasharfenduo.de\/wordpress\/wp-json\/wp\/v2\/posts\/2578","targetHints":{"allow":["GET"]}}],"collection":[{"href":"https:\/\/www.dasharfenduo.de\/wordpress\/wp-json\/wp\/v2\/posts"}],"about":[{"href":"https:\/\/www.dasharfenduo.de\/wordpress\/wp-json\/wp\/v2\/types\/post"}],"author":[{"embeddable":true,"href":"https:\/\/www.dasharfenduo.de\/wordpress\/wp-json\/wp\/v2\/users\/2"}],"replies":[{"embeddable":true,"href":"https:\/\/www.dasharfenduo.de\/wordpress\/wp-json\/wp\/v2\/comments?post=2578"}],"version-history":[{"count":6,"href":"https:\/\/www.dasharfenduo.de\/wordpress\/wp-json\/wp\/v2\/posts\/2578\/revisions"}],"predecessor-version":[{"id":2585,"href":"https:\/\/www.dasharfenduo.de\/wordpress\/wp-json\/wp\/v2\/posts\/2578\/revisions\/2585"}],"wp:featuredmedia":[{"embeddable":true,"href":"https:\/\/www.dasharfenduo.de\/wordpress\/wp-json\/wp\/v2\/media\/1284"}],"wp:attachment":[{"href":"https:\/\/www.dasharfenduo.de\/wordpress\/wp-json\/wp\/v2\/media?parent=2578"}],"wp:term":[{"taxonomy":"category","embeddable":true,"href":"https:\/\/www.dasharfenduo.de\/wordpress\/wp-json\/wp\/v2\/categories?post=2578"},{"taxonomy":"post_tag","embeddable":true,"href":"https:\/\/www.dasharfenduo.de\/wordpress\/wp-json\/wp\/v2\/tags?post=2578"}],"curies":[{"name":"wp","href":"https:\/\/api.w.org\/{rel}","templated":true}]}}