{"id":2827,"date":"2021-03-19T19:00:16","date_gmt":"2021-03-19T18:00:16","guid":{"rendered":"https:\/\/www.dasharfenduo.de\/wordpress\/?p=2827"},"modified":"2021-03-19T19:00:17","modified_gmt":"2021-03-19T18:00:17","slug":"portraet-das-awareness-team-der-hfmt-hamburg","status":"publish","type":"post","link":"https:\/\/www.dasharfenduo.de\/wordpress\/musik-und-gesellschaft\/metoo\/portraet-das-awareness-team-der-hfmt-hamburg\/","title":{"rendered":"Portr\u00e4t: Das Awareness-Team der HfMT Hamburg"},"content":{"rendered":"\n<p><em>In unseren Beitr\u00e4gen bem\u00e4ngeln wir oft, dass von Studierenden an deutschen Musikhochschulen zu wenig Eigeninitiative beim Thema \u00abBek\u00e4mpfung von Machtmissbrauch\u00bb ausgeht. Daher freut es uns umso mehr, dass sich an der HfMT Hamburg vor kurzem das Awareness-Team gebildet hat. Wir haben die Mitglieder gefragt, ob wir die Gruppe und ihre Ziele auf unserem Blog vorstellen d\u00fcrfen. Viel Spa\u00df beim Lesen!<\/em><\/p>\n\n\n\n<hr class=\"wp-block-separator\"\/>\n\n\n\n<!--more-->\n\n\n\n<p>Wie viel ist zu viel? Der Professor redet lange \u00fcber vergangene Zeiten. Zu lange? Er erz\u00e4hlt von den eigenen Liebschaften. Zu intim? Irgendwann schickt er Nachrichten, auch private. Weiter passiert nichts; es bleibt nur ein ungutes Gef\u00fchl zur\u00fcck, das man nicht genau in Worte fassen kann. An anderer Stelle \u2013 im szenischen Unterricht \u2013 wird man aufgefordert, sich freiz\u00fcgiger zu kleiden. Beim ersten Mal anfassen wird man noch gefragt, danach nicht mehr. Man f\u00fchlt sich in der Probe blo\u00dfgestellt, die Kommiliton*innen sehen schlie\u00dflich alle zu. Niemand sagt etwas, allen sind gewisse Drohungen noch im Ged\u00e4chtnis. Wer Kritik \u00e4u\u00dfert, ist schwach, wird einem zu verstehen gegeben. Also sagt man auch nichts und macht mit. Jede*r wei\u00df, was eine Vergewaltigung ist und jede*r wei\u00df, was Freundschaft ist. Doch dazwischen ist ein gro\u00dfer Graubereich. \u201eMan hat weder die Worte noch die Ansprechperson, um unangenehme Themen anzusprechen\u201c, sagt ein Mitglied des Awareness-Teams, das sich an der Hochschule f\u00fcr Musik und Theater Hamburg gebildet hat. Genau das wollen sie \u00e4ndern: Die Studierenden wollen Dinge ansprechen, auf Missst\u00e4nde aufmerksam machen und vor allem den \u00fcbrigen Studierenden einen Safespace bieten, in dem man ungestraft Kritik \u00e4u\u00dfern darf. \u00abDas Awareness-Team verfolgt das Ziel, Bewusstsein f\u00fcr Diskriminierung zu schaffen, Opfer und potenzielle Opfer zu unterst\u00fctzen und strukturelle Probleme anzugehen und im besten Fall zu beseitigen.\u00bb hei\u00dft es in der Satzung, die sie sich selbst gegeben haben.<\/p>\n\n\n\n<h3 class=\"wp-block-heading\">Schockiert \u00fcber den SPIEGEL-Artikel<\/h3>\n\n\n\n<p>Es ist schwierig zu sagen, wann genau die Idee entstand, sich systematisch gegen Machtmissbrauch zu organisieren und studentisch zusammenzuschlie\u00dfen, denn die Missst\u00e4nde an der Hochschule waren \u2013 wie so oft \u2013 im Prinzip jedem bekannt, ohne dass Hamburg im Vergleich zu anderen Musikhochschulen besonders negativ herausragte. \u201eDas Bed\u00fcrfnis, etwas zu \u00e4ndern und Solidarit\u00e4t in der Gemeinschaft zu schaffen, war f\u00fcr uns immer da\u201c, berichtet uns das Team. Ein Schl\u00fcsselereignis war der Zeitungsartikel im SPIEGEL aus dem April 2019, in dem die Pianistin Shoko Kuroe von einem sexuellen \u00dcbergriff im Rahmen ihres Studiums vor etwa 25 Jahren berichtete.<span class=\"footnote_referrer\"><a role=\"button\" tabindex=\"0\" onclick=\"footnote_moveToReference_2827_1('footnote_plugin_reference_2827_1_1');\" onkeypress=\"footnote_moveToReference_2827_1('footnote_plugin_reference_2827_1_1');\" ><sup id=\"footnote_plugin_tooltip_2827_1_1\" class=\"footnote_plugin_tooltip_text\">[1]<\/sup><\/a><span id=\"footnote_plugin_tooltip_text_2827_1_1\" class=\"footnote_tooltip\">Matthias Bartsch, Martin Knobbe und Jan-Philipp M\u00f6ller: \u201eGef\u00e4hrliche N\u00e4he\u201c, ver\u00f6ffentlicht am 27.04.2019 in DER SPIEGEL (Online-Version: <a href=\"https:\/\/www.spiegel.de\/panorama\/metoo-vorwuerfe-gegen-professoren-in-hamburg-und-duesseldorf-a-00000000-0002-0001-0000-000163612070\" target=\"_blank\" rel=\"noreferrer noopener\">Seine Erwartungen &#8211; &#8222;reden, trinken, v\u00f6geln&#8220;<\/a>, ver\u00f6ffentlicht am 26.04.2019 auf spiegel.de)<\/span><\/span><script type=\"text\/javascript\"> jQuery('#footnote_plugin_tooltip_2827_1_1').tooltip({ tip: '#footnote_plugin_tooltip_text_2827_1_1', tipClass: 'footnote_tooltip', effect: 'fade', predelay: 0, fadeInSpeed: 200, delay: 400, fadeOutSpeed: 200, position: 'top center', relative: true, offset: [-7, 0], });<\/script> \u201eViele Studierende waren schockiert, dass so etwas an unserer Hochschule passiert war.\u201c Der Hochschulpr\u00e4sident, Prof. Elmar Lampson, ver\u00f6ffentlichte auf der Internetpr\u00e4senz der HfMT Hamburg eine Stellungnahme<span class=\"footnote_referrer\"><a role=\"button\" tabindex=\"0\" onclick=\"footnote_moveToReference_2827_1('footnote_plugin_reference_2827_1_2');\" onkeypress=\"footnote_moveToReference_2827_1('footnote_plugin_reference_2827_1_2');\" ><sup id=\"footnote_plugin_tooltip_2827_1_2\" class=\"footnote_plugin_tooltip_text\">[2]<\/sup><\/a><span id=\"footnote_plugin_tooltip_text_2827_1_2\" class=\"footnote_tooltip\"><a href=\"https:\/\/www.hfmt-hamburg.de\/news\/details\/172\/\" target=\"_blank\" rel=\"noreferrer noopener\">Stellungnahme des Hochschulpr\u00e4sidenten Prof. Elmar Lampson zum Spiegel-Artikel vom 27. April 2019<\/a>, ver\u00f6ffentlicht am 02.05.2019 auf hfmt-hamburg.de<\/span><\/span><script type=\"text\/javascript\"> jQuery('#footnote_plugin_tooltip_2827_1_2').tooltip({ tip: '#footnote_plugin_tooltip_text_2827_1_2', tipClass: 'footnote_tooltip', effect: 'fade', predelay: 0, fadeInSpeed: 200, delay: 400, fadeOutSpeed: 200, position: 'top center', relative: true, offset: [-7, 0], });<\/script>, in der er auf den Artikel einging. Er schrieb: \u201eDer Gedanke an eine Alumna unseres Hauses als Opfer sexueller \u00dcbergriffe macht mich traurig und w\u00fctend zugleich.\u201c Dennoch f\u00e4nde er es \u201eschrecklich, dass nun Professoren aus dieser Zeit unter Generalverdacht stehen.\u201c Im weiteren f\u00fchrte er die Ma\u00dfnahmen und Gremien an, die Missbrauch an der Hochschule verhindern sollten. Das Statement schloss mit der Aussage, dass \u201ein einer Atmosph\u00e4re der Offenheit und des kollegialen Vertrauens sexuelle \u00dcbergriffe, Gewalt, N\u00f6tigungen und Diskriminierungen in unserer Hochschule keine Chance haben werden.\u201c<\/p>\n\n\n\n<h3 class=\"wp-block-heading\">\u201eKeine Chance\u201c f\u00fcr Missbrauch?<\/h3>\n\n\n\n<p>Professoren unter \u201eGeneralverdacht\u201c? \u201eKeine Chance\u201c f\u00fcr Missbrauch? Bei nicht wenigen Studierenden sorgten diese Aussagen f\u00fcr Unmut, suggerierten sie doch, dass man solche Zust\u00e4nde lange hinter sich gelassen h\u00e4tte. \u201eDieses \u00abHeute kann so was ja nicht mehr passieren\u00bb stand im starken Gegensatz zu dem, was wir aus unserem Studium kannten\u201c, sagt das Awareness-Team. \u201eDas wollten wir so nicht stehen lassen.\u201c Die Bef\u00fcrchtung, dass Machtmissbrauch auch heute noch zum Hochschulalltag geh\u00f6rt, bewahrheitete sich schnell. Bei der renommierten Sommeroper gab es 2019 Vorf\u00e4lle, auf die die Studierenden bei der Premiere per Flugblatt hinwiesen. Beim Schauspiel-Vorsprechen f\u00fcr das neue Semester hatten Studierende einen Stand aufgebaut, den sie \u201eAwareness-Couch\u201c nannten, gewisserma\u00dfen als Gegenentwurf zur ber\u00fchmt-ber\u00fcchtigten \u201eBesetzungscouch<span class=\"footnote_referrer\"><a role=\"button\" tabindex=\"0\" onclick=\"footnote_moveToReference_2827_1('footnote_plugin_reference_2827_1_3');\" onkeypress=\"footnote_moveToReference_2827_1('footnote_plugin_reference_2827_1_3');\" ><sup id=\"footnote_plugin_tooltip_2827_1_3\" class=\"footnote_plugin_tooltip_text\">[3]<\/sup><\/a><span id=\"footnote_plugin_tooltip_text_2827_1_3\" class=\"footnote_tooltip\">vgl. Wikipedia-Eintrag \u201e<a href=\"https:\/\/de.wikipedia.org\/wiki\/Besetzungscouch\" target=\"_blank\" rel=\"noreferrer noopener\">Besetzungscouch<\/a>\u201c:\u00abBesetzungscouch oder auch Casting Couch ist die euphemistische Umschreibung des Ph\u00e4nomens, dass die Verantwortlichen f\u00fcr die Rollenbesetzung im Theater, Opernh\u00e4usern, der Filmindustrie oder auch im Musikgesch\u00e4ft von Bewerberinnen oder Bewerbern intime Handlungen als Gegenleistung verlangen oder angeboten bekommen.\u00bb<\/span><\/span><script type=\"text\/javascript\"> jQuery('#footnote_plugin_tooltip_2827_1_3').tooltip({ tip: '#footnote_plugin_tooltip_text_2827_1_3', tipClass: 'footnote_tooltip', effect: 'fade', predelay: 0, fadeInSpeed: 200, delay: 400, fadeOutSpeed: 200, position: 'top center', relative: true, offset: [-7, 0], });<\/script>\u201c. Dorthin konnten sich Bewerber*innen wenden, wenn ihnen im Vorsprechen etwas komisch vorgekommen war. \u201eDiese Aktion sollte zeigen, dass es von Anfang an im Studium um Solidarit\u00e4t geht. Es sollte Pr\u00e4senz gegen Machtmissbrauch gezeigt werden\u201c, erz\u00e4hlt uns das Team. \u201eNur wenn man das Gef\u00fchl hat, dass Leute hinter einem stehen, hat man den Mut, sich zu \u00e4u\u00dfern.\u201c Auch in anderen Studieng\u00e4ngen gab es Probleme mit Lehrkr\u00e4ften, die vor allem verbal Grenzen \u00fcberschritten, K\u00f6rper und Aussehen bewerteten.<\/p>\n\n\n\n<h3 class=\"wp-block-heading\">N\u00e4he und Distanz<\/h3>\n\n\n\n<p>Ein Schritt, um auf diese Vorkommnisse aufmerksam zu machen, war die Gr\u00fcndung des Awareness-Teams w\u00e4hrend eines studentischen Aktionstags im Wintersemester 2020\/21, wo in einer \u201eZukunftswerkstatt\u201c m\u00f6gliche Auswege f\u00fcr Probleme an der Hochschule gesucht werden sollten. Die Arbeitsgruppe, die sich mit den Themen Diversit\u00e4t und Awareness auseinandersetzte, beschloss kurzerhand, das Awareness-Team zu gr\u00fcnden. Als sich das Team bald darauf mit den Gleichstellungsbeauftragten austauschte, kam die Sache so richtig ins Rollen. Unter dem Arbeitstitel \u201eN\u00e4he und Distanz\u201c kamen pl\u00f6tzlich alle relevanten Gremien zusammen. Bei diesen \u201eVernetzungstreffen\u201c rannte man offene T\u00fcren ein, berichtet uns das Team: \u201eWir hatten das Gef\u00fchl, dass viele Hochschulvertreter*innen regelrecht dankbar waren, dass endlich etwas passiert. Viele Probleme \u2013 zum Beispiel mit manchen Lehrkr\u00e4ften \u2013 waren nat\u00fcrlich bekannt, aber wenn sich niemand beschwert, kann die Hochschule auch nicht t\u00e4tig werden.\u201c Aus diesen Treffen entstanden viele Ideen f\u00fcr zuk\u00fcnftige Projekte und Aktionen, unter anderem wurde eine Vortragsreihe \u00fcber diverse Diskriminierungspraxen ins Leben gerufen. Den Auftakt zu dieser Reihe machte am 24.02.2021 die Theaterwissenschaftlerin Ass.-Prof. Dr. Anke Charton<span class=\"footnote_referrer\"><a role=\"button\" tabindex=\"0\" onclick=\"footnote_moveToReference_2827_1('footnote_plugin_reference_2827_1_4');\" onkeypress=\"footnote_moveToReference_2827_1('footnote_plugin_reference_2827_1_4');\" ><sup id=\"footnote_plugin_tooltip_2827_1_4\" class=\"footnote_plugin_tooltip_text\">[4]<\/sup><\/a><span id=\"footnote_plugin_tooltip_text_2827_1_4\" class=\"footnote_tooltip\">Mehr Informationen \u00fcber Anke Charton findet man unter <a rel=\"noreferrer noopener\" href=\"https:\/\/homepage.univie.ac.at\/anke.charton\/\" target=\"_blank\"><span class=\"footnote_url_wrap\">https:\/\/homepage.univie.ac.at\/anke.charton\/<\/span><\/a><\/span><\/span><script type=\"text\/javascript\"> jQuery('#footnote_plugin_tooltip_2827_1_4').tooltip({ tip: '#footnote_plugin_tooltip_text_2827_1_4', tipClass: 'footnote_tooltip', effect: 'fade', predelay: 0, fadeInSpeed: 200, delay: 400, fadeOutSpeed: 200, position: 'top center', relative: true, offset: [-7, 0], });<\/script> mit dem Zoom-Vortrag <em>\u201eEs schadet sonst deiner Karriere\u201c: Macht und Missbrauch im Klassikbetrieb<\/em>. \u201eDas Feedback war durchweg positiv. Zeitweise haben \u00fcber 70 Teilnehmende den Vortrag verfolgt\u201c, sagt das Team.<\/p>\n\n\n\n<h3 class=\"wp-block-heading\">Weitere Vortr\u00e4ge geplant<\/h3>\n\n\n\n<p>In den n\u00e4chsten Monaten sind weitere Vortr\u00e4ge geplant, die dann auch \u00f6ffentlich zug\u00e4nglich sein sollen. Am 21.04.2021 soll es mit dem Thema Rassismus weitergehen, am 19.05.2021 folgt ein Vortrag \u00fcber Queerness<span class=\"footnote_referrer\"><a role=\"button\" tabindex=\"0\" onclick=\"footnote_moveToReference_2827_1('footnote_plugin_reference_2827_1_5');\" onkeypress=\"footnote_moveToReference_2827_1('footnote_plugin_reference_2827_1_5');\" ><sup id=\"footnote_plugin_tooltip_2827_1_5\" class=\"footnote_plugin_tooltip_text\">[5]<\/sup><\/a><span id=\"footnote_plugin_tooltip_text_2827_1_5\" class=\"footnote_tooltip\">vgl. Wikipedia-Artikel \u201e<a href=\"https:\/\/de.wikipedia.org\/wiki\/Queer-Theorie\" target=\"_blank\" rel=\"noreferrer noopener\">Queer-Theorie<\/a>\u201c: \u00abDie Queer-Theorie (englisch <em>queer theory<\/em>) ist eine seit Anfang der 1990er Jahre in den USA entwickelte Kulturtheorie, die den Zusammenhang von biologischem Geschlecht (englisch <em>sex<\/em>), sozialem Geschlecht (englisch <em>gender<\/em>) und sexuellem Begehren (englisch <em>desire<\/em>) kritisch untersucht.\u00bb<\/span><\/span><script type=\"text\/javascript\"> jQuery('#footnote_plugin_tooltip_2827_1_5').tooltip({ tip: '#footnote_plugin_tooltip_text_2827_1_5', tipClass: 'footnote_tooltip', effect: 'fade', predelay: 0, fadeInSpeed: 200, delay: 400, fadeOutSpeed: 200, position: 'top center', relative: true, offset: [-7, 0], });<\/script>. Am 16.06.2021 wird es um Klassismus<span class=\"footnote_referrer\"><a role=\"button\" tabindex=\"0\" onclick=\"footnote_moveToReference_2827_1('footnote_plugin_reference_2827_1_6');\" onkeypress=\"footnote_moveToReference_2827_1('footnote_plugin_reference_2827_1_6');\" ><sup id=\"footnote_plugin_tooltip_2827_1_6\" class=\"footnote_plugin_tooltip_text\">[6]<\/sup><\/a><span id=\"footnote_plugin_tooltip_text_2827_1_6\" class=\"footnote_tooltip\">vgl. Wikipedia-Artikel \u201e<a href=\"https:\/\/de.wikipedia.org\/wiki\/Klassismus\" target=\"_blank\" rel=\"noreferrer noopener\">Klassismus<\/a>\u201c: \u00abKlassismus bezeichnet Vorurteile oder Diskriminierung aufgrund der sozialen Herkunft oder der sozialen Position und richtet sich \u00fcberwiegend gegen Angeh\u00f6rige einer \u201eniedrigeren\u201c sozialen Klasse.\u00bb<\/span><\/span><script type=\"text\/javascript\"> jQuery('#footnote_plugin_tooltip_2827_1_6').tooltip({ tip: '#footnote_plugin_tooltip_text_2827_1_6', tipClass: 'footnote_tooltip', effect: 'fade', predelay: 0, fadeInSpeed: 200, delay: 400, fadeOutSpeed: 200, position: 'top center', relative: true, offset: [-7, 0], });<\/script>, Ableismus<span class=\"footnote_referrer\"><a role=\"button\" tabindex=\"0\" onclick=\"footnote_moveToReference_2827_1('footnote_plugin_reference_2827_1_7');\" onkeypress=\"footnote_moveToReference_2827_1('footnote_plugin_reference_2827_1_7');\" ><sup id=\"footnote_plugin_tooltip_2827_1_7\" class=\"footnote_plugin_tooltip_text\">[7]<\/sup><\/a><span id=\"footnote_plugin_tooltip_text_2827_1_7\" class=\"footnote_tooltip\">vgl. Wikipedia-Artikel \u201e<a href=\"https:\/\/de.wikipedia.org\/wiki\/Ableism\" target=\"_blank\" rel=\"noreferrer noopener\">Ableism<\/a>\u201c:\u00abDer Begriff Ableismus bezeichnet die Beurteilung von Menschen anhand ihrer F\u00e4higkeiten und wird als behindertenfeindlich angesehen.\u00bb<\/span><\/span><script type=\"text\/javascript\"> jQuery('#footnote_plugin_tooltip_2827_1_7').tooltip({ tip: '#footnote_plugin_tooltip_text_2827_1_7', tipClass: 'footnote_tooltip', effect: 'fade', predelay: 0, fadeInSpeed: 200, delay: 400, fadeOutSpeed: 200, position: 'top center', relative: true, offset: [-7, 0], });<\/script> und Barrierefreiheit<span class=\"footnote_referrer\"><a role=\"button\" tabindex=\"0\" onclick=\"footnote_moveToReference_2827_1('footnote_plugin_reference_2827_1_8');\" onkeypress=\"footnote_moveToReference_2827_1('footnote_plugin_reference_2827_1_8');\" ><sup id=\"footnote_plugin_tooltip_2827_1_8\" class=\"footnote_plugin_tooltip_text\">[8]<\/sup><\/a><span id=\"footnote_plugin_tooltip_text_2827_1_8\" class=\"footnote_tooltip\">vgl. Wikipedia-Artikel \u201e<a href=\"https:\/\/de.wikipedia.org\/wiki\/Barrierefreiheit\" target=\"_blank\" rel=\"noreferrer noopener\">Barrierefreiheit<\/a>\u201c:\u00abBarrierefreiheit bezeichnet eine Gestaltung der Umwelt, sodass sie auch von Menschen mit Beeintr\u00e4chtigungen ohne zus\u00e4tzliche Hilfen genutzt und wahrgenommen werden kann.\u00bb<\/span><\/span><script type=\"text\/javascript\"> jQuery('#footnote_plugin_tooltip_2827_1_8').tooltip({ tip: '#footnote_plugin_tooltip_text_2827_1_8', tipClass: 'footnote_tooltip', effect: 'fade', predelay: 0, fadeInSpeed: 200, delay: 400, fadeOutSpeed: 200, position: 'top center', relative: true, offset: [-7, 0], });<\/script> gehen, bevor am 14.07.2021 eine abschlie\u00dfende Diskussion mit der Entwicklung von L\u00f6sungsans\u00e4tzen erfolgen soll. Und es gibt weitere Pl\u00e4ne f\u00fcr die Zukunft: \u201eWir wollen Workshops zu verschiedenen Themen anbieten, beispielsweise \u00fcber die (juristischen) Rechte der Studierenden. Auf der Hochschulhomepage wird es eine Unterseite des Awareness-Teams geben, die als dauerhafte Anlaufstelle f\u00fcr Studierende dienen soll.\u201c Ein ganz wichtiges Projekt soll der \u201eAwareness-Space\u201c werden. \u201eBald ziehen das Institut f\u00fcr Kulturmanagement und die Theaterakademie in ein neues Geb\u00e4ude um. Dort ist bereits ein fester Standort im studentischen Aufenthaltsbereich f\u00fcr uns eingeplant. Der Awareness-Space soll eine niedrigschwellige Anlaufstelle von Studierenden f\u00fcr Studierende sein. Es wird dort ein B\u00fccherregal mit Literatur zum Thema geben, f\u00fcr Sitzungen und vertrauliche Gespr\u00e4che ist es m\u00f6glich, sich in den daneben liegenden Arbeitsraum zur\u00fcckzuziehen.\u201c Viele Mitglieder des Teams haben selbst diese Ohnmacht erlebt, wenn es keinen Ort gibt, an dem man \u00e4u\u00dfern kann, was nicht in Ordnung ist. \u201eViele Situationen k\u00f6nnen unangenehm sein, ohne dass man das sofort benennen kann. Hier soll der Awareness-Space eine Unterst\u00fctzung sein.\u201c<\/p>\n\n\n\n<h3 class=\"wp-block-heading\">Anlaufstellen m\u00fcssen zu den Menschen passen<\/h3>\n\n\n\n<p>In ihrem Vortrag fragt Anke Charton: \u201ePassen die Anlaufstellen, die ich habe, zu den Menschen an meiner Institution? In welcher Sprache und in welchen Sprachen treten sie auf? Auf welche Weise geh\u00f6ren die Menschen, die ich dort als Betroffene treffe, in das System, indem wir uns alle bewegen?\u201c<span class=\"footnote_referrer\"><a role=\"button\" tabindex=\"0\" onclick=\"footnote_moveToReference_2827_1('footnote_plugin_reference_2827_1_9');\" onkeypress=\"footnote_moveToReference_2827_1('footnote_plugin_reference_2827_1_9');\" ><sup id=\"footnote_plugin_tooltip_2827_1_9\" class=\"footnote_plugin_tooltip_text\">[9]<\/sup><\/a><span id=\"footnote_plugin_tooltip_text_2827_1_9\" class=\"footnote_tooltip\">Ass.-Prof. Dr. Anke Charton: <em>\u201eEs schadet sonst deiner Karriere\u201c: Macht und Missbrauch im Klassikbetrieb<\/em>, Online-Vortrag vom 24.02.2021<\/span><\/span><script type=\"text\/javascript\"> jQuery('#footnote_plugin_tooltip_2827_1_9').tooltip({ tip: '#footnote_plugin_tooltip_text_2827_1_9', tipClass: 'footnote_tooltip', effect: 'fade', predelay: 0, fadeInSpeed: 200, delay: 400, fadeOutSpeed: 200, position: 'top center', relative: true, offset: [-7, 0], });<\/script> Das Awareness-Team passt offensichtlich zu den Menschen in der Hochschule, weil Studierende hier von Problemen berichten k\u00f6nnen, ohne dass die Hochschule direkt involviert ist. Es ist eine wichtige Erg\u00e4nzung zu den bereits existierenden Anlaufstellen wie der Gleichstellungsbeautragten oder dem Vertrauensrat. Allerdings gibt es nat\u00fcrlich auch noch Probleme, die man in der Zukunft angehen muss. Zum jetzigen Zeitpunkt sind im Team beispielsweise die Instrumental- und Vokalstudieng\u00e4nge noch unterrepr\u00e4sentiert. \u201eWir werden weiter versuchen, in diesen Bereichen \u00dcberzeugungsarbeit zu leisten. Das Awareness-Team soll noch diverser werden\u201c, sagt ein Team-Mitglied. Uns zumindest hat das Team schon \u00fcberzeugt! Wir sind der Meinung, dass die Initiative in Hamburg ein wichtiger Schritt im Kampf gegen Machtmissbrauch und Diskriminierung an Musik- und Theaterhochschulen ist und hoffen, dass andere Hochschulen \u2013 bzw. deren Studierende \u2013 diesem Beispiel folgen werden. So wird eines Tages auch erreicht werden, was das Awareness-Team sich als langfristiges Ziel gesetzt hat: \u201eDie Abschaffung von uns selbst!\u201c Es w\u00e4re sch\u00f6n, wenn wir irgendwann keine Awareness-Teams und Safespaces mehr br\u00e4uchten. Doch bis dahin ist es noch ein langer Weg.<\/p>\n\n\n\n<h3 class=\"wp-block-heading\">Laura &amp; Daniel,<br>mit freundlicher Unterst\u00fctzung des Awareness-Teams der HfMT Hamburg<\/h3>\n\n\n\n<p class=\"has-small-font-size\">Bildquellen:<br>Beitragsbild: <a href=\"https:\/\/commons.wikimedia.org\/wiki\/File:Hh-budgepalais.jpg\">Quelle<\/a>, Autor: <a href=\"https:\/\/en.wikipedia.org\/wiki\/de:User:Staro1\">Staro1<\/a>, Lizenz: <a href=\"https:\/\/en.wikipedia.org\/wiki\/en:Creative_Commons\">Creative Commons<\/a> <a href=\"https:\/\/creativecommons.org\/licenses\/by-sa\/3.0\/deed.en\">Attribution-Share Alike 3.0 Unported<\/a><\/p>\n<div class=\"speaker-mute footnotes_reference_container\"> <div class=\"footnote_container_prepare\"><p><span role=\"button\" tabindex=\"0\" class=\"footnote_reference_container_label pointer\" onclick=\"footnote_expand_collapse_reference_container_2827_1();\">Quellen und Anmerkungen<\/span><span role=\"button\" tabindex=\"0\" class=\"footnote_reference_container_collapse_button\" style=\"display: none;\" onclick=\"footnote_expand_collapse_reference_container_2827_1();\">[<a id=\"footnote_reference_container_collapse_button_2827_1\">+<\/a>]<\/span><\/p><\/div> <div id=\"footnote_references_container_2827_1\" style=\"\"><table class=\"footnotes_table footnote-reference-container\"><caption class=\"accessibility\">Quellen und Anmerkungen<\/caption> <tbody> \r\n\r\n<tr class=\"footnotes_plugin_reference_row\"> <th scope=\"row\" class=\"footnote_plugin_index_combi pointer\"  onclick=\"footnote_moveToAnchor_2827_1('footnote_plugin_tooltip_2827_1_1');\"><a id=\"footnote_plugin_reference_2827_1_1\" class=\"footnote_backlink\"><span class=\"footnote_index_arrow\">&#8593;<\/span>1<\/a><\/th> <td class=\"footnote_plugin_text\">Matthias Bartsch, Martin Knobbe und Jan-Philipp M\u00f6ller: \u201eGef\u00e4hrliche N\u00e4he\u201c, ver\u00f6ffentlicht am 27.04.2019 in DER SPIEGEL (Online-Version: <a href=\"https:\/\/www.spiegel.de\/panorama\/metoo-vorwuerfe-gegen-professoren-in-hamburg-und-duesseldorf-a-00000000-0002-0001-0000-000163612070\" target=\"_blank\" rel=\"noreferrer noopener\">Seine Erwartungen &#8211; &#8222;reden, trinken, v\u00f6geln&#8220;<\/a>, ver\u00f6ffentlicht am 26.04.2019 auf spiegel.de)<\/td><\/tr>\r\n\r\n<tr class=\"footnotes_plugin_reference_row\"> <th scope=\"row\" class=\"footnote_plugin_index_combi pointer\"  onclick=\"footnote_moveToAnchor_2827_1('footnote_plugin_tooltip_2827_1_2');\"><a id=\"footnote_plugin_reference_2827_1_2\" class=\"footnote_backlink\"><span class=\"footnote_index_arrow\">&#8593;<\/span>2<\/a><\/th> <td class=\"footnote_plugin_text\"><a href=\"https:\/\/www.hfmt-hamburg.de\/news\/details\/172\/\" target=\"_blank\" rel=\"noreferrer noopener\">Stellungnahme des Hochschulpr\u00e4sidenten Prof. Elmar Lampson zum Spiegel-Artikel vom 27. April 2019<\/a>, ver\u00f6ffentlicht am 02.05.2019 auf hfmt-hamburg.de<\/td><\/tr>\r\n\r\n<tr class=\"footnotes_plugin_reference_row\"> <th scope=\"row\" class=\"footnote_plugin_index_combi pointer\"  onclick=\"footnote_moveToAnchor_2827_1('footnote_plugin_tooltip_2827_1_3');\"><a id=\"footnote_plugin_reference_2827_1_3\" class=\"footnote_backlink\"><span class=\"footnote_index_arrow\">&#8593;<\/span>3<\/a><\/th> <td class=\"footnote_plugin_text\">vgl. Wikipedia-Eintrag \u201e<a href=\"https:\/\/de.wikipedia.org\/wiki\/Besetzungscouch\" target=\"_blank\" rel=\"noreferrer noopener\">Besetzungscouch<\/a>\u201c:\u00abBesetzungscouch oder auch Casting Couch ist die euphemistische Umschreibung des Ph\u00e4nomens, dass die Verantwortlichen f\u00fcr die Rollenbesetzung im Theater, Opernh\u00e4usern, der Filmindustrie oder auch im Musikgesch\u00e4ft von Bewerberinnen oder Bewerbern intime Handlungen als Gegenleistung verlangen oder angeboten bekommen.\u00bb<\/td><\/tr>\r\n\r\n<tr class=\"footnotes_plugin_reference_row\"> <th scope=\"row\" class=\"footnote_plugin_index_combi pointer\"  onclick=\"footnote_moveToAnchor_2827_1('footnote_plugin_tooltip_2827_1_4');\"><a id=\"footnote_plugin_reference_2827_1_4\" class=\"footnote_backlink\"><span class=\"footnote_index_arrow\">&#8593;<\/span>4<\/a><\/th> <td class=\"footnote_plugin_text\">Mehr Informationen \u00fcber Anke Charton findet man unter <a rel=\"noreferrer noopener\" href=\"https:\/\/homepage.univie.ac.at\/anke.charton\/\" target=\"_blank\"><span class=\"footnote_url_wrap\">https:\/\/homepage.univie.ac.at\/anke.charton\/<\/span><\/a><\/td><\/tr>\r\n\r\n<tr class=\"footnotes_plugin_reference_row\"> <th scope=\"row\" class=\"footnote_plugin_index_combi pointer\"  onclick=\"footnote_moveToAnchor_2827_1('footnote_plugin_tooltip_2827_1_5');\"><a id=\"footnote_plugin_reference_2827_1_5\" class=\"footnote_backlink\"><span class=\"footnote_index_arrow\">&#8593;<\/span>5<\/a><\/th> <td class=\"footnote_plugin_text\">vgl. Wikipedia-Artikel \u201e<a href=\"https:\/\/de.wikipedia.org\/wiki\/Queer-Theorie\" target=\"_blank\" rel=\"noreferrer noopener\">Queer-Theorie<\/a>\u201c: \u00abDie Queer-Theorie (englisch <em>queer theory<\/em>) ist eine seit Anfang der 1990er Jahre in den USA entwickelte Kulturtheorie, die den Zusammenhang von biologischem Geschlecht (englisch <em>sex<\/em>), sozialem Geschlecht (englisch <em>gender<\/em>) und sexuellem Begehren (englisch <em>desire<\/em>) kritisch untersucht.\u00bb<\/td><\/tr>\r\n\r\n<tr class=\"footnotes_plugin_reference_row\"> <th scope=\"row\" class=\"footnote_plugin_index_combi pointer\"  onclick=\"footnote_moveToAnchor_2827_1('footnote_plugin_tooltip_2827_1_6');\"><a id=\"footnote_plugin_reference_2827_1_6\" class=\"footnote_backlink\"><span class=\"footnote_index_arrow\">&#8593;<\/span>6<\/a><\/th> <td class=\"footnote_plugin_text\">vgl. Wikipedia-Artikel \u201e<a href=\"https:\/\/de.wikipedia.org\/wiki\/Klassismus\" target=\"_blank\" rel=\"noreferrer noopener\">Klassismus<\/a>\u201c: \u00abKlassismus bezeichnet Vorurteile oder Diskriminierung aufgrund der sozialen Herkunft oder der sozialen Position und richtet sich \u00fcberwiegend gegen Angeh\u00f6rige einer \u201eniedrigeren\u201c sozialen Klasse.\u00bb<\/td><\/tr>\r\n\r\n<tr class=\"footnotes_plugin_reference_row\"> <th scope=\"row\" class=\"footnote_plugin_index_combi pointer\"  onclick=\"footnote_moveToAnchor_2827_1('footnote_plugin_tooltip_2827_1_7');\"><a id=\"footnote_plugin_reference_2827_1_7\" class=\"footnote_backlink\"><span class=\"footnote_index_arrow\">&#8593;<\/span>7<\/a><\/th> <td class=\"footnote_plugin_text\">vgl. Wikipedia-Artikel \u201e<a href=\"https:\/\/de.wikipedia.org\/wiki\/Ableism\" target=\"_blank\" rel=\"noreferrer noopener\">Ableism<\/a>\u201c:\u00abDer Begriff Ableismus bezeichnet die Beurteilung von Menschen anhand ihrer F\u00e4higkeiten und wird als behindertenfeindlich angesehen.\u00bb<\/td><\/tr>\r\n\r\n<tr class=\"footnotes_plugin_reference_row\"> <th scope=\"row\" class=\"footnote_plugin_index_combi pointer\"  onclick=\"footnote_moveToAnchor_2827_1('footnote_plugin_tooltip_2827_1_8');\"><a id=\"footnote_plugin_reference_2827_1_8\" class=\"footnote_backlink\"><span class=\"footnote_index_arrow\">&#8593;<\/span>8<\/a><\/th> <td class=\"footnote_plugin_text\">vgl. Wikipedia-Artikel \u201e<a href=\"https:\/\/de.wikipedia.org\/wiki\/Barrierefreiheit\" target=\"_blank\" rel=\"noreferrer noopener\">Barrierefreiheit<\/a>\u201c:\u00abBarrierefreiheit bezeichnet eine Gestaltung der Umwelt, sodass sie auch von Menschen mit Beeintr\u00e4chtigungen ohne zus\u00e4tzliche Hilfen genutzt und wahrgenommen werden kann.\u00bb<\/td><\/tr>\r\n\r\n<tr class=\"footnotes_plugin_reference_row\"> <th scope=\"row\" class=\"footnote_plugin_index_combi pointer\"  onclick=\"footnote_moveToAnchor_2827_1('footnote_plugin_tooltip_2827_1_9');\"><a id=\"footnote_plugin_reference_2827_1_9\" class=\"footnote_backlink\"><span class=\"footnote_index_arrow\">&#8593;<\/span>9<\/a><\/th> <td class=\"footnote_plugin_text\">Ass.-Prof. Dr. Anke Charton: <em>\u201eEs schadet sonst deiner Karriere\u201c: Macht und Missbrauch im Klassikbetrieb<\/em>, Online-Vortrag vom 24.02.2021<\/td><\/tr>\r\n\r\n <\/tbody> <\/table> <\/div><\/div><script type=\"text\/javascript\"> function footnote_expand_reference_container_2827_1() { jQuery('#footnote_references_container_2827_1').show(); jQuery('#footnote_reference_container_collapse_button_2827_1').text('\u2212'); } function footnote_collapse_reference_container_2827_1() { jQuery('#footnote_references_container_2827_1').hide(); jQuery('#footnote_reference_container_collapse_button_2827_1').text('+'); } function footnote_expand_collapse_reference_container_2827_1() { if (jQuery('#footnote_references_container_2827_1').is(':hidden')) { footnote_expand_reference_container_2827_1(); } else { footnote_collapse_reference_container_2827_1(); } } function footnote_moveToReference_2827_1(p_str_TargetID) { footnote_expand_reference_container_2827_1(); var l_obj_Target = jQuery('#' + p_str_TargetID); if (l_obj_Target.length) { jQuery( 'html, body' ).delay( 0 ); jQuery('html, body').animate({ scrollTop: l_obj_Target.offset().top - window.innerHeight * 0.2 }, 380); } } function footnote_moveToAnchor_2827_1(p_str_TargetID) { footnote_expand_reference_container_2827_1(); var l_obj_Target = jQuery('#' + p_str_TargetID); if (l_obj_Target.length) { jQuery( 'html, body' ).delay( 0 ); jQuery('html, body').animate({ scrollTop: l_obj_Target.offset().top - window.innerHeight * 0.2 }, 380); } }<\/script>","protected":false},"excerpt":{"rendered":"<p>In unseren Beitr\u00e4gen bem\u00e4ngeln wir oft, dass von Studierenden an deutschen Musikhochschulen zu wenig Eigeninitiative beim Thema \u00abBek\u00e4mpfung von Machtmissbrauch\u00bb ausgeht. Daher freut es uns umso mehr, dass sich an der HfMT Hamburg vor kurzem das Awareness-Team gebildet hat. Wir haben die Mitglieder gefragt, ob wir die Gruppe und ihre<span class=\"excerpt-hellip\"> [\u2026]<\/span><\/p>\n","protected":false},"author":2,"featured_media":2830,"comment_status":"open","ping_status":"open","sticky":false,"template":"","format":"standard","meta":{"fifu_image_url":"https:\/\/upload.wikimedia.org\/wikipedia\/commons\/8\/82\/Hh-budgepalais.jpg","fifu_image_alt":"Titel","footnotes":""},"categories":[417],"tags":[212,233,479,476,207,477,478,475,234,235,204],"class_list":["post-2827","post","type-post","status-publish","format-standard","has-post-thumbnail","hentry","category-metoo","tag-metoo","tag-musikhochschule","tag-anke-charton","tag-awareness","tag-der-spiegel","tag-diskriminierung","tag-elmar-lampson","tag-hfmt-hamburg","tag-jan-philipp-moeller","tag-martin-knobbe","tag-sexueller-missbrauch"],"_links":{"self":[{"href":"https:\/\/www.dasharfenduo.de\/wordpress\/wp-json\/wp\/v2\/posts\/2827","targetHints":{"allow":["GET"]}}],"collection":[{"href":"https:\/\/www.dasharfenduo.de\/wordpress\/wp-json\/wp\/v2\/posts"}],"about":[{"href":"https:\/\/www.dasharfenduo.de\/wordpress\/wp-json\/wp\/v2\/types\/post"}],"author":[{"embeddable":true,"href":"https:\/\/www.dasharfenduo.de\/wordpress\/wp-json\/wp\/v2\/users\/2"}],"replies":[{"embeddable":true,"href":"https:\/\/www.dasharfenduo.de\/wordpress\/wp-json\/wp\/v2\/comments?post=2827"}],"version-history":[{"count":8,"href":"https:\/\/www.dasharfenduo.de\/wordpress\/wp-json\/wp\/v2\/posts\/2827\/revisions"}],"predecessor-version":[{"id":2841,"href":"https:\/\/www.dasharfenduo.de\/wordpress\/wp-json\/wp\/v2\/posts\/2827\/revisions\/2841"}],"wp:featuredmedia":[{"embeddable":true,"href":"https:\/\/www.dasharfenduo.de\/wordpress\/wp-json\/wp\/v2\/media\/2830"}],"wp:attachment":[{"href":"https:\/\/www.dasharfenduo.de\/wordpress\/wp-json\/wp\/v2\/media?parent=2827"}],"wp:term":[{"taxonomy":"category","embeddable":true,"href":"https:\/\/www.dasharfenduo.de\/wordpress\/wp-json\/wp\/v2\/categories?post=2827"},{"taxonomy":"post_tag","embeddable":true,"href":"https:\/\/www.dasharfenduo.de\/wordpress\/wp-json\/wp\/v2\/tags?post=2827"}],"curies":[{"name":"wp","href":"https:\/\/api.w.org\/{rel}","templated":true}]}}