{"id":2924,"date":"2023-03-13T12:18:20","date_gmt":"2023-03-13T11:18:20","guid":{"rendered":"https:\/\/www.dasharfenduo.de\/wordpress\/?p=2924"},"modified":"2023-03-29T16:11:46","modified_gmt":"2023-03-29T14:11:46","slug":"harfenduo-arrangements-zu-kaufen","status":"publish","type":"post","link":"https:\/\/www.dasharfenduo.de\/wordpress\/harfenduo\/unsere-veroeffentlichungen\/harfenduo-arrangements-zu-kaufen\/","title":{"rendered":"Harfenduo-Arrangements zu kaufen"},"content":{"rendered":"\n<p>Liebe Freunde des Harfenduos,<\/p>\n\n\n\n<p>in letzter Zeit ist es etwas stiller um uns geworden. Wir spielen weniger Konzerte \u2013 eine traurige Realit\u00e4t f\u00fcr viele Musiker*innen in und nach der Pandemie. Wie viele andere auch mussten wir uns neue Projekte suchen. Wir freuen uns, Euch eines dieser Projekte vorstellen zu k\u00f6nnen: Wir geben endlich unsere Arrangements heraus!<\/p>\n\n\n\n<p>Auf der amerikanischen Seite <a rel=\"noreferrer noopener\" href=\"https:\/\/harpcolumn.com\/music\/\" target=\"_blank\">Harpcolumn<\/a> findet Ihr ab jetzt viele der St\u00fccke, die Ihr aus unseren Konzerten kennt. Alle St\u00fccke, die wir bereits ver\u00f6ffentlicht haben, findet ihr sowohl in unserem <a rel=\"noreferrer noopener\" href=\"https:\/\/harpcolumn.com\/music\/all-music\/categories\/artists\/laura-oetzel-and-daniel-mattele\/\" target=\"_blank\">Profil<\/a> als auch in der Liste in diesem Blogbeitrag, die wir regelm\u00e4\u00dfig aktualisieren werden.<\/p>\n\n\n\n<p>Ihr k\u00f6nnt unsere Arrangements jetzt f\u00fcr Euch selbst kaufen. Die Noten werden allerdings nicht per Post verschickt, sondern Ihr m\u00fcsst sie Euch ausdrucken. Das spart Kosten f\u00fcr uns und f\u00fcr Euch und ist besser f\u00fcr die Umwelt. Eine Bitte an Euch: Theoretisch kann man solche Noten nat\u00fcrlich beliebig oft ausdrucken und an andere Musiker*innen oder Sch\u00fcler*innen weitergeben. Wir w\u00fcrden uns freuen, wenn Ihr das nicht tut und mit dem Kauf der Arrangements unsere Arbeit unterst\u00fctzt. Harpcolumn bietet immer die M\u00f6glichkeit, einzelne Stimmen separat zu kaufen. Das hei\u00dft: Wenn Ihr eine Stimme verdoppeln oder Euren Sch\u00fcler*innen weitergeben wollt, m\u00fcsst Ihr nicht jedes Mal das komplette Set neu kaufen.<\/p>\n\n\n\n<p>Habt Spa\u00df mit unseren St\u00fccken!<\/p>\n\n\n\n<h3 class=\"wp-block-heading\">Laura &amp; Daniel<\/h3>\n\n\n\n<hr class=\"wp-block-separator has-alpha-channel-opacity\"\/>\n\n\n\n<h2 class=\"wp-block-heading\">Bereits ver\u00f6ffentlichte St\u00fccke<\/h2>\n\n\n\n<p><strong>Fr\u00e9d\u00e9ric Chopin<\/strong><\/p>\n\n\n\n<ul class=\"wp-block-list\">\n<li>Fantaisie Impromptu<\/li>\n<\/ul>\n\n\n\n<p><strong>Gerardo Hern\u00e1n Matos Rodr\u00edguez<\/strong><\/p>\n\n\n\n<ul class=\"wp-block-list\">\n<li>La Cumparsita (Tango)<\/li>\n<\/ul>\n\n\n\n<p><strong>Modest Mussorgsky<\/strong><\/p>\n\n\n\n<ul class=\"wp-block-list\">\n<li>Pictures at an Exhibition (excerpts)\n<ul class=\"wp-block-list\">\n<li><em>Promenade<\/em><\/li>\n\n\n\n<li><em>Gnomus<\/em><\/li>\n\n\n\n<li><em>Baba Yaga<\/em><\/li>\n\n\n\n<li><em>Great Gate of Kiev<\/em><\/li>\n<\/ul>\n<\/li>\n<\/ul>\n\n\n\n<p><strong>Sergey Rachmaninoff<\/strong><\/p>\n\n\n\n<ul class=\"wp-block-list\">\n<li>Morceaux de Fantaisie op. 3 (excerpts)\n<ul class=\"wp-block-list\">\n<li><em>Pr\u00e9lude<\/em><\/li>\n\n\n\n<li><em>\u00c9l\u00e9gie<\/em><\/li>\n\n\n\n<li><em>Polichinelle<\/em><\/li>\n<\/ul>\n<\/li>\n<\/ul>\n\n\n\n<p><strong>Camille Saint-Sa\u00ebns<\/strong><\/p>\n\n\n\n<ul class=\"wp-block-list\">\n<li>The Carnival of the Animals\n<ul class=\"wp-block-list\">\n<li><em>1. Introduction and the Lion&#8217;s Royal March<\/em><\/li>\n\n\n\n<li><em>2. Hens and Roosters<\/em><\/li>\n\n\n\n<li><em>4. Tortoises<\/em><\/li>\n\n\n\n<li><em>5. The Elephant<\/em><\/li>\n\n\n\n<li><em>6. Kangaroos<\/em><\/li>\n\n\n\n<li><em>7. Aquarium<\/em><\/li>\n\n\n\n<li><em>8. Personages with long ears<\/em><\/li>\n\n\n\n<li><em>9. The Cuckoo in the deep woods<\/em><\/li>\n\n\n\n<li><em>11. Harpists<\/em><\/li>\n\n\n\n<li><em>12. Fossils<\/em><\/li>\n\n\n\n<li><em>13. The Swan<\/em><\/li>\n\n\n\n<li><em>14. Finale<\/em><\/li>\n<\/ul>\n<\/li>\n<\/ul>\n\n\n\n<p><strong>Alexander Scriabin<\/strong><\/p>\n\n\n\n<ul class=\"wp-block-list\">\n<li>Impromptu op. 12 No. 2<\/li>\n\n\n\n<li>2 Danses op. 73<\/li>\n<\/ul>\n\n\n\n<hr class=\"wp-block-separator has-alpha-channel-opacity\"\/>\n\n\n\n<h2 class=\"wp-block-heading\">In K\u00fcrze online<\/h2>\n\n\n\n<p><strong>Maurice Ravel<\/strong><\/p>\n\n\n\n<ul class=\"wp-block-list\">\n<li>Introduction et Allegro (Piano reduction arranged for a second harp)<\/li>\n<\/ul>\n\n\n\n<p><strong>Domenico Scarlatti<\/strong><\/p>\n\n\n\n<ul class=\"wp-block-list\">\n<li>Sonatas\n<ul class=\"wp-block-list\">\n<li><em>K1 in D Minor<\/em><\/li>\n\n\n\n<li><em>K9 in D Minor<\/em><\/li>\n\n\n\n<li><em>K24 in A Major<\/em><\/li>\n\n\n\n<li><em>K27 in B Minor<\/em><\/li>\n\n\n\n<li><em>K69 in F Minor<\/em><\/li>\n\n\n\n<li><em>K87 in B Minor<\/em><\/li>\n\n\n\n<li><em>K213 in D Minor<\/em><\/li>\n\n\n\n<li><em>K217 in A Minor<\/em><\/li>\n\n\n\n<li><em>K490 in D Major<\/em><\/li>\n<\/ul>\n<\/li>\n<\/ul>\n\n\n\n<hr class=\"wp-block-separator has-alpha-channel-opacity\"\/>\n\n\n\n<h2 class=\"wp-block-heading\">In Planung<\/h2>\n\n\n\n<p><strong>Samuel Castriota<\/strong><\/p>\n\n\n\n<ul class=\"wp-block-list\">\n<li>Mi noche triste (Tango)<\/li>\n<\/ul>\n\n\n\n<p><strong>Claude Debussy<\/strong><\/p>\n\n\n\n<ul class=\"wp-block-list\">\n<li>Suite Bergamasque\n<ul class=\"wp-block-list\">\n<li><em>Pr\u00e9lude<\/em><\/li>\n\n\n\n<li><em>Menuet<\/em><\/li>\n\n\n\n<li><em>Clair de lune<\/em><\/li>\n\n\n\n<li><em>Passepied<\/em><\/li>\n<\/ul>\n<\/li>\n\n\n\n<li>First Arabesque<\/li>\n\n\n\n<li>Pr\u00e9ludes\n<ul class=\"wp-block-list\">\n<li><em>La fille aux cheveux de lin<\/em><\/li>\n\n\n\n<li><em>La Cath\u00e9drale engloutie<\/em><\/li>\n\n\n\n<li><em>La puerta del vino<\/em><\/li>\n\n\n\n<li><em>Bruy\u00e8res<\/em><\/li>\n<\/ul>\n<\/li>\n\n\n\n<li>Danses pour harpe (Piano reduction arranged for a second harp)<\/li>\n<\/ul>\n\n\n\n<p><strong>Carlos Gardel<\/strong><\/p>\n\n\n\n<ul class=\"wp-block-list\">\n<li>El D\u00eda que me quieras (Tango)<\/li>\n<\/ul>\n\n\n\n<p><strong>Edvard Grieg<\/strong><\/p>\n\n\n\n<ul class=\"wp-block-list\">\n<li>Lyric Pieces\n<ul class=\"wp-block-list\">\n<li><em>Berceuse<\/em><\/li>\n\n\n\n<li><em>Melody<\/em><\/li>\n\n\n\n<li><em>Canon<\/em><\/li>\n\n\n\n<li><em>Norwegian March<\/em><\/li>\n\n\n\n<li><em>March of the Dwarfs<\/em><\/li>\n\n\n\n<li><em>Notturno<\/em><\/li>\n\n\n\n<li><em>Scherzo<\/em><\/li>\n\n\n\n<li><em>From early years<\/em><\/li>\n\n\n\n<li><em>Wedding Day at Troldhaugen<\/em><\/li>\n<\/ul>\n<\/li>\n<\/ul>\n\n\n\n<p><strong>Nicolai Myaskovsky<\/strong><\/p>\n\n\n\n<ul class=\"wp-block-list\">\n<li>Song and Rhapsody<\/li>\n<\/ul>\n\n\n\n<p><strong>Maurice Ravel<\/strong><\/p>\n\n\n\n<ul class=\"wp-block-list\">\n<li>Ma M\u00e8re l&#8217;Oye\n<ul class=\"wp-block-list\">\n<li><em>Pavane of Sleeping Beauty<\/em><\/li>\n\n\n\n<li><em>Little Tom Thumb<\/em><\/li>\n\n\n\n<li><em>Laideronnette, Empress of the Pagodas<\/em><\/li>\n\n\n\n<li><em>Conversation of Beauty and the Beast<\/em><\/li>\n\n\n\n<li><em>The Fairy Garden<\/em><\/li>\n<\/ul>\n<\/li>\n<\/ul>\n\n\n\n<p><strong>Bed\u0159ich Smetana<\/strong><\/p>\n\n\n\n<ul class=\"wp-block-list\">\n<li>Vltava (The Moldau)<\/li>\n<\/ul>\n\n\n\n<p><strong>Pyotr Tchaikovsky<\/strong><\/p>\n\n\n\n<ul class=\"wp-block-list\">\n<li>The Nutcracker (excerpts)\n<ul class=\"wp-block-list\">\n<li><em>March of the Toy Soldiers<\/em><\/li>\n\n\n\n<li><em>Dance of the Sugar Plum Fairy<\/em><\/li>\n\n\n\n<li><em>Trepak<\/em><\/li>\n\n\n\n<li><em>Waltz of the Flowers<\/em><\/li>\n<\/ul>\n<\/li>\n<\/ul>\n\n\n\n<p><strong>Zequinha de Abreu<\/strong><\/p>\n\n\n\n<ul class=\"wp-block-list\">\n<li>Tardes em Lindoia<\/li>\n\n\n\n<li>Tico Tico<\/li>\n<\/ul>\n","protected":false},"excerpt":{"rendered":"<p>Liebe Freunde des Harfenduos, in letzter Zeit ist es etwas stiller um uns geworden. Wir spielen weniger Konzerte \u2013 eine traurige Realit\u00e4t f\u00fcr viele Musiker*innen in und nach der Pandemie. Wie viele andere auch mussten wir uns neue Projekte suchen. Wir freuen uns, Euch eines dieser Projekte vorstellen zu k\u00f6nnen:<span class=\"excerpt-hellip\"> [\u2026]<\/span><\/p>\n","protected":false},"author":2,"featured_media":2930,"comment_status":"open","ping_status":"open","sticky":false,"template":"","format":"standard","meta":{"fifu_image_url":"","fifu_image_alt":"","footnotes":""},"categories":[62],"tags":[85,352,497],"class_list":["post-2924","post","type-post","status-publish","format-standard","has-post-thumbnail","hentry","category-unsere-veroeffentlichungen","tag-arrangements","tag-harfenduo","tag-harpcolumn"],"_links":{"self":[{"href":"https:\/\/www.dasharfenduo.de\/wordpress\/wp-json\/wp\/v2\/posts\/2924","targetHints":{"allow":["GET"]}}],"collection":[{"href":"https:\/\/www.dasharfenduo.de\/wordpress\/wp-json\/wp\/v2\/posts"}],"about":[{"href":"https:\/\/www.dasharfenduo.de\/wordpress\/wp-json\/wp\/v2\/types\/post"}],"author":[{"embeddable":true,"href":"https:\/\/www.dasharfenduo.de\/wordpress\/wp-json\/wp\/v2\/users\/2"}],"replies":[{"embeddable":true,"href":"https:\/\/www.dasharfenduo.de\/wordpress\/wp-json\/wp\/v2\/comments?post=2924"}],"version-history":[{"count":7,"href":"https:\/\/www.dasharfenduo.de\/wordpress\/wp-json\/wp\/v2\/posts\/2924\/revisions"}],"predecessor-version":[{"id":2935,"href":"https:\/\/www.dasharfenduo.de\/wordpress\/wp-json\/wp\/v2\/posts\/2924\/revisions\/2935"}],"wp:featuredmedia":[{"embeddable":true,"href":"https:\/\/www.dasharfenduo.de\/wordpress\/wp-json\/wp\/v2\/media\/2930"}],"wp:attachment":[{"href":"https:\/\/www.dasharfenduo.de\/wordpress\/wp-json\/wp\/v2\/media?parent=2924"}],"wp:term":[{"taxonomy":"category","embeddable":true,"href":"https:\/\/www.dasharfenduo.de\/wordpress\/wp-json\/wp\/v2\/categories?post=2924"},{"taxonomy":"post_tag","embeddable":true,"href":"https:\/\/www.dasharfenduo.de\/wordpress\/wp-json\/wp\/v2\/tags?post=2924"}],"curies":[{"name":"wp","href":"https:\/\/api.w.org\/{rel}","templated":true}]}}